{"id":132624,"date":"2022-12-03T09:07:55","date_gmt":"2022-12-03T08:07:55","guid":{"rendered":"https:\/\/www.messinaoggi.it\/website\/2022\/12\/03\/in-2-anni-230-maltrattamenti-e-50-violenze-sessuali-su-donne-disabili\/"},"modified":"2022-12-03T09:40:27","modified_gmt":"2022-12-03T08:40:27","slug":"in-2-anni-230-maltrattamenti-e-50-violenze-sessuali-su-donne-disabili","status":"publish","type":"post","link":"https:\/\/www.messinaoggi.it\/website\/2022\/12\/03\/in-2-anni-230-maltrattamenti-e-50-violenze-sessuali-su-donne-disabili\/","title":{"rendered":"In 2 anni, 230 maltrattamenti e 50 violenze sessuali su donne disabili"},"content":{"rendered":"<div>ROMA (ITALPRESS) &#8211; In Sicilia, durante il lockdown, una giovane donna affetta da una grave forma di deficit cognitivo che si trovava ricoverata presso una struttura sanitaria, avrebbe subito ripetute violenze sessuali da parte di un operatore a cui era affidata la sua cura. Nessuno ha denunciato e gli abusi sarebbero rimasti sconosciuti se la donna non fosse rimasta incinta. Solo a quel punto, infatti, la struttura sanitaria ha comunicato lo stato di avanzata gravidanza ai familiari della donna, facendo emergere tutto il doloroso vissuto della vittima. E&#8217; solo una delle tante storie di violenza nei confronti di donne con disabilit\u00e0 che l&#8217;Osservatorio per la Sicurezza Contro gli Atti Discriminatori della Direzione Centrale della Polizia Criminale del Dipartimento della Pubblica Sicurezza registra nella sua attivit\u00e0 contro ogni forma di crimine d&#8217;odio. Proprio in occasione della celebrazione della &#8220;Giornata internazionale delle persone con disabilit\u00e0&#8221; che si celebra il 3 dicembre, l&#8217;Oscad ha realizzato un approfondimento dedicato alla violenza contro le donne disabili, vittime di discriminazioni multiple &#8211; nella loro qualit\u00e0 di donne e persone con disabilit\u00e0 &#8211; di una violenza che talvolta \u00e8 feroce e crudele ma sempre ignobile. In questi casi le donne tendono infatti ad essere esposte alla violenza per periodi prolungati nel tempo, in ragione del loro stato di vulnerabilit\u00e0 ed isolamento, della limitata capacit\u00e0 di difendersi, di fuggire, di chiedere aiuto e di essere credute. L&#8217;analisi, gi\u00e0 affrontata in occasione della presentazione annuale dei dati sulla violenza di genere del 25 novembre scorso, ha riguardato lo studio, in due annualit\u00e0 (1 ottobre 2020 &#8211; 30 settembre 2021 \/ 1 ottobre 2021 &#8211; 30 settembre 2022), di casi in cui sono stati commessi reati tipici della violenza di genere su donne con disabilit\u00e0, come i maltrattamenti contro familiari o conviventi, riscontrati complessivamente in 230 casi, la violenza sessuale e gli atti persecutori (stalking) che hanno contato in totale, rispettivamente 50 e 21 episodi. Le storie drammatiche sono quelle dell&#8217;approfittamento della condizione di disabilit\u00e0 delle vittime che risultano, spesso pi\u00f9 delle altre donne, impossibilitate a denunciare quanto accaduto per timore di ritorsioni o di perdere il supporto della persona che si prende cura di loro o per la stessa difficolt\u00e0 di riconoscere l&#8217;abuso. Le donne con disabilit\u00e0 sono dunque vittime delle stesse forme di violenza che colpiscono le altre donne ma con conseguenze spesso amplificate in ragione della loro particolare vulnerabilit\u00e0. Da qui la notevole cifra di sommerso che contraddistingue tali reati e la necessit\u00e0 di tenere alta l&#8217;attenzione su un fenomeno che rimane celato, sconosciuto se non addirittura negato.<br \/>\nPu\u00f2 essere allora d&#8217;aiuto l&#8217;elencazione contenuta nella brochure di indicatori di violenza, sia fisica che comportamentale, nonch\u00e8 far luce sui pi\u00f9 comuni stereotipi o pregiudizi contro le donne disabili, che sono terreno fertile per un crescendo di violenza che si deve combattere anche con l&#8217;informazione e la conoscenza.<br \/>\n(ITALPRESS).<div id=\"div-gpt-ad-Messinaoggi.it-DSK-300x250-corpoart\" style=\"text-align:center;margin:0 auto;\"><\/div><\/p>\n<p>Photo Credits: www.agenziafotogramma.it<div id=\"videoincontent\" style=\"clear:both\";><\/div><\/p><\/div>\n","protected":false},"excerpt":{"rendered":"<p>ROMA (ITALPRESS) &#8211; In Sicilia, durante il lockdown, una giovane donna affetta da una grave forma di deficit cognitivo che si trovava ricoverata presso una struttura sanitaria, avrebbe subito ripetute violenze sessuali da parte di un operatore a cui era affidata la sua cura. Nessuno ha denunciato e gli abusi sarebbero rimasti sconosciuti se la [&hellip;]<\/p>\n","protected":false},"author":18,"featured_media":132625,"comment_status":"closed","ping_status":"closed","sticky":false,"template":"","format":"standard","meta":{"ub_ctt_via":"","_mi_skip_tracking":false},"categories":[446,6],"tags":[783],"featured_image_src":"https:\/\/www.messinaoggi.it\/website\/wp-content\/uploads\/2022\/12\/20221203_0091.jpg","author_info":{"display_name":"Admin","author_link":"https:\/\/www.messinaoggi.it\/website\/author\/admin\/"},"digistream_id":0,"digistream":false,"_links":{"self":[{"href":"https:\/\/www.messinaoggi.it\/website\/wp-json\/wp\/v2\/posts\/132624"}],"collection":[{"href":"https:\/\/www.messinaoggi.it\/website\/wp-json\/wp\/v2\/posts"}],"about":[{"href":"https:\/\/www.messinaoggi.it\/website\/wp-json\/wp\/v2\/types\/post"}],"author":[{"embeddable":true,"href":"https:\/\/www.messinaoggi.it\/website\/wp-json\/wp\/v2\/users\/18"}],"replies":[{"embeddable":true,"href":"https:\/\/www.messinaoggi.it\/website\/wp-json\/wp\/v2\/comments?post=132624"}],"version-history":[{"count":1,"href":"https:\/\/www.messinaoggi.it\/website\/wp-json\/wp\/v2\/posts\/132624\/revisions"}],"predecessor-version":[{"id":132629,"href":"https:\/\/www.messinaoggi.it\/website\/wp-json\/wp\/v2\/posts\/132624\/revisions\/132629"}],"wp:featuredmedia":[{"embeddable":true,"href":"https:\/\/www.messinaoggi.it\/website\/wp-json\/wp\/v2\/media\/132625"}],"wp:attachment":[{"href":"https:\/\/www.messinaoggi.it\/website\/wp-json\/wp\/v2\/media?parent=132624"}],"wp:term":[{"taxonomy":"category","embeddable":true,"href":"https:\/\/www.messinaoggi.it\/website\/wp-json\/wp\/v2\/categories?post=132624"},{"taxonomy":"post_tag","embeddable":true,"href":"https:\/\/www.messinaoggi.it\/website\/wp-json\/wp\/v2\/tags?post=132624"}],"curies":[{"name":"wp","href":"https:\/\/api.w.org\/{rel}","templated":true}]}}