{"id":132600,"date":"2022-12-02T21:02:55","date_gmt":"2022-12-02T20:02:55","guid":{"rendered":"https:\/\/www.messinaoggi.it\/website\/2022\/12\/02\/al-via-a-catania-la-festa-regionale-del-tricolore\/"},"modified":"2022-12-03T08:56:57","modified_gmt":"2022-12-03T07:56:57","slug":"al-via-a-catania-la-festa-regionale-del-tricolore","status":"publish","type":"post","link":"https:\/\/www.messinaoggi.it\/website\/2022\/12\/02\/al-via-a-catania-la-festa-regionale-del-tricolore\/","title":{"rendered":"Al via a Catania la \u201cFesta regionale del Tricolore\u201d"},"content":{"rendered":"<div>\n<p>CATANIA (ITALPRESS) \u2013 Dibattiti, confronti e progetti sulla Sicilia, sull\u2019Italia, sull\u2019Europa, sui temi della politica nazionale e internazionale. Tutto questo \u00e8 \u201cFesta regionale del Tricolore\u201d presso l\u2019Hotel \u201cLe Dune\u201d del viale Kennedy 10 B a Catania. Ad aprire ufficialmente la tre giorni politica oggi pomeriggio \u00e8 stato il Senatore e Coordinatore Regionale FDI Sicilia Orientale Salvo Pogliese che parla di \u201cGrandissima partecipazione popolare. Era nelle nostre aspettative e noi lo stiamo dimostrando con la forza dei numeri. Per tutti noi \u00e8 un onore aprire questo evento che dopo quattro anni, dovuti alla pandemia, dove Fratelli d\u2019Italia ritorna tra la gente, come ha sempre fatto, e lo dimostra con un forte radicamento nel territorio.  Si tratta del primo appuntamento dopo la splendida vittoria del 25 settembre che ha regalato alla Destra il primo premier donna. Siamo felici e orgogliosi di questo e affronteremo le nuove sfide puntando sulla forza delle nostre idee\u201d. <br \/>A salire sul palco anche il Ministro Protezione Civile e tutela Mare Nello Musumeci: \u201cGrazie ai vertici nazionali e regionali per questo momento di appassionata analisi. Una comunit\u00e0 che cresce cos\u00ec ha bisogno momenti di confronto e il risultato \u00e8 davvero sotto gli occhi di tutti. Domani sar\u00f2 a portare la presenza del partito in Sardegna e in Lombardia. Stiamo vivendo un momento difficile ma esaltante; la grande partecipazione a questa festa \u00e8 la testimonianza del nostro operato\u201d. <br \/>Il vice capogruppo di Fdi al Senato Salvo Sallemi, parla di \u201cun segnale di ripartenza nella normalit\u00e0 in un momento importante per il nostro partito. In questo momento di grande difficolt\u00e0 con la legge di bilancio alle porte noi stiamo dimostrando di essere l\u2019unica forza politica in grado di cambiare realmente l\u2019Italia\u201d. E poi intervenuto l\u2019onorevole Manlio Messina, vicecapogruppo di Fdl alla Camera: \u201cIl mio plauso va a chi ha organizzato questo evento messo in campo in cos\u00ec poco tempo. Da dieci anni lavoriamo nel nostro territorio e raccontiamo storie che parlano di coerenza e di numeri che ci hanno sempre contraddistinto\u201d. <br \/>\u201cFratelli d\u2019Italia non si sottrae al confronto e sceglie di organizzare un grande appuntamento proprio qui a Catania \u2013 dichiara Giovanni Donzelli (Resp. Nazionale Organizzazione FDI) \u2013 La Festa del Tricolore vede momenti di dialogo di grande importanza che vede in primo piano la partecipazione della gente. Affronteremo i temi pi\u00f9 importanti che questo Paese ha nella sua agenda politica\u201d. Presenti a questa prima giornata anche Gaetano Galvagno (Presidente ARS), Giorgio Assenza (Capogruppo FDI ARS), Giampiero Cannella (Coord. Reg. FDI Sicilia Occidentale), Basilio Catanoso (Vice Coord. Reg.FDI Sicilia Orientale.), Alberto Cardillo (Coord. Prov. FDI Catania), Fabio Roscani (Presidente Nazionale GN), Dario Moscato (Coord. Regionale. GN). <br \/>Sul palcoscenico della \u201cFesta regionale del Tricolore\u201d il Vice Coordinatore Regionale FDI Sicilia Orientale Basilio Catanoso, ha affermato che \u201cla Destra al Governo \u00e8 una scommessa che ci deve far sentire orgogliosi- afferma che prosegue- oggi siamo qui tutti insieme per esprimere impegno politico e militante appassionato in una stagione di eccezionale valenza\u201d. Ampio spazio allaconferenza dal titolo \u201cScuola, universit\u00e0, formazione: i giovani pilastro del futuro\u201d, coordinata da Marco Leonardi (Docente Universitario, Resp. Dip. Cultura FDI Prov. Catania) e moderata dal giornalista de \u201cLa Sicilia\u201d Luigi Provini che ha visto l\u2019intervento di Paola Frassinetti (Sottosegretario Istruzione e Merito), Ella Bucalo (Senatore FDI), Felice Giuffr\u00e8 (Docente Universit\u00e0 di Catania, Costituzionalista), Dario Moscato (Coord. Reg. GN), Giovanni Magni (Dirigente Naz. GN). \u201cAprire questa tre giorni di dibattiti parlando di scuola \u00e8 importantissimo \u2013 sottolinea Paola Frassinetti, Sottosegretario Istruzione e Merito che aggiunge- nel corso della pandemia la cultura ha rappresentato un pilastro decisivo per tutto il Paese\u201d.<div id=\"div-gpt-ad-Messinaoggi.it-DSK-300x250-corpoart\" style=\"text-align:center;margin:0 auto;\"><\/div><\/p>\n<p>\u2013 foto: xd9\/Italpress<div id=\"videoincontent\" style=\"clear:both\";><\/div><\/p>\n<p>(ITALPRESS).<\/p>\n<\/div>\n","protected":false},"excerpt":{"rendered":"<p>CATANIA (ITALPRESS) \u2013 Dibattiti, confronti e progetti sulla Sicilia, sull\u2019Italia, sull\u2019Europa, sui temi della politica nazionale e internazionale. Tutto questo \u00e8 \u201cFesta regionale del Tricolore\u201d presso l\u2019Hotel \u201cLe Dune\u201d del viale Kennedy 10 B a Catania. Ad aprire ufficialmente la tre giorni politica oggi pomeriggio \u00e8 stato il Senatore e Coordinatore Regionale FDI Sicilia Orientale [&hellip;]<\/p>\n","protected":false},"author":18,"featured_media":132601,"comment_status":"closed","ping_status":"closed","sticky":false,"template":"","format":"standard","meta":{"ub_ctt_via":"","_mi_skip_tracking":false},"categories":[4,2449],"tags":[783],"featured_image_src":"https:\/\/www.messinaoggi.it\/website\/wp-content\/uploads\/2022\/12\/20221202_2424.jpg","author_info":{"display_name":"Admin","author_link":"https:\/\/www.messinaoggi.it\/website\/author\/admin\/"},"digistream_id":0,"digistream":false,"_links":{"self":[{"href":"https:\/\/www.messinaoggi.it\/website\/wp-json\/wp\/v2\/posts\/132600"}],"collection":[{"href":"https:\/\/www.messinaoggi.it\/website\/wp-json\/wp\/v2\/posts"}],"about":[{"href":"https:\/\/www.messinaoggi.it\/website\/wp-json\/wp\/v2\/types\/post"}],"author":[{"embeddable":true,"href":"https:\/\/www.messinaoggi.it\/website\/wp-json\/wp\/v2\/users\/18"}],"replies":[{"embeddable":true,"href":"https:\/\/www.messinaoggi.it\/website\/wp-json\/wp\/v2\/comments?post=132600"}],"version-history":[{"count":1,"href":"https:\/\/www.messinaoggi.it\/website\/wp-json\/wp\/v2\/posts\/132600\/revisions"}],"predecessor-version":[{"id":132619,"href":"https:\/\/www.messinaoggi.it\/website\/wp-json\/wp\/v2\/posts\/132600\/revisions\/132619"}],"wp:featuredmedia":[{"embeddable":true,"href":"https:\/\/www.messinaoggi.it\/website\/wp-json\/wp\/v2\/media\/132601"}],"wp:attachment":[{"href":"https:\/\/www.messinaoggi.it\/website\/wp-json\/wp\/v2\/media?parent=132600"}],"wp:term":[{"taxonomy":"category","embeddable":true,"href":"https:\/\/www.messinaoggi.it\/website\/wp-json\/wp\/v2\/categories?post=132600"},{"taxonomy":"post_tag","embeddable":true,"href":"https:\/\/www.messinaoggi.it\/website\/wp-json\/wp\/v2\/tags?post=132600"}],"curies":[{"name":"wp","href":"https:\/\/api.w.org\/{rel}","templated":true}]}}