{"id":132597,"date":"2022-12-03T00:58:19","date_gmt":"2022-12-02T23:58:19","guid":{"rendered":"https:\/\/www.messinaoggi.it\/website\/2022\/12\/02\/ponte-stretto-salvini-sara-realta-significhera-lavoro-vero\/"},"modified":"2022-12-03T08:57:26","modified_gmt":"2022-12-03T07:57:26","slug":"ponte-stretto-salvini-sara-realta-significhera-lavoro-vero","status":"publish","type":"post","link":"https:\/\/www.messinaoggi.it\/website\/2022\/12\/03\/ponte-stretto-salvini-sara-realta-significhera-lavoro-vero\/","title":{"rendered":"Ponte Stretto, Salvini &#8220;Sar\u00e0 realt\u00e0, significher\u00e0 lavoro vero&#8221;"},"content":{"rendered":"<div id=\"div-gpt-ad-Messinaoggi.it-DSK-300x250-corpoart\" style=\"text-align:center;margin:0 auto;\"><\/div><\/p><div id=\"videoincontent\" style=\"clear:both\";><\/div>","protected":false},"excerpt":{"rendered":"","protected":false},"author":16,"featured_media":132598,"comment_status":"open","ping_status":"open","sticky":false,"template":"","format":"standard","meta":{"ub_ctt_via":"","_mi_skip_tracking":false},"categories":[19,2450,784],"tags":[783],"featured_image_src":"https:\/\/www.messinaoggi.it\/website\/wp-content\/uploads\/2022\/12\/08rL.jpg","author_info":{"display_name":"Red Messina","author_link":"https:\/\/www.messinaoggi.it\/website\/author\/red-messina\/"},"digistream_id":0,"digistream":false,"_links":{"self":[{"href":"https:\/\/www.messinaoggi.it\/website\/wp-json\/wp\/v2\/posts\/132597"}],"collection":[{"href":"https:\/\/www.messinaoggi.it\/website\/wp-json\/wp\/v2\/posts"}],"about":[{"href":"https:\/\/www.messinaoggi.it\/website\/wp-json\/wp\/v2\/types\/post"}],"author":[{"embeddable":true,"href":"https:\/\/www.messinaoggi.it\/website\/wp-json\/wp\/v2\/users\/16"}],"replies":[{"embeddable":true,"href":"https:\/\/www.messinaoggi.it\/website\/wp-json\/wp\/v2\/comments?post=132597"}],"version-history":[{"count":1,"href":"https:\/\/www.messinaoggi.it\/website\/wp-json\/wp\/v2\/posts\/132597\/revisions"}],"predecessor-version":[{"id":132621,"href":"https:\/\/www.messinaoggi.it\/website\/wp-json\/wp\/v2\/posts\/132597\/revisions\/132621"}],"wp:featuredmedia":[{"embeddable":true,"href":"https:\/\/www.messinaoggi.it\/website\/wp-json\/wp\/v2\/media\/132598"}],"wp:attachment":[{"href":"https:\/\/www.messinaoggi.it\/website\/wp-json\/wp\/v2\/media?parent=132597"}],"wp:term":[{"taxonomy":"category","embeddable":true,"href":"https:\/\/www.messinaoggi.it\/website\/wp-json\/wp\/v2\/categories?post=132597"},{"taxonomy":"post_tag","embeddable":true,"href":"https:\/\/www.messinaoggi.it\/website\/wp-json\/wp\/v2\/tags?post=132597"}],"curies":[{"name":"wp","href":"https:\/\/api.w.org\/{rel}","templated":true}]}}