{"id":132552,"date":"2022-12-02T17:07:54","date_gmt":"2022-12-02T16:07:54","guid":{"rendered":"https:\/\/www.messinaoggi.it\/website\/2022\/12\/02\/autonomia-calderoli-cabina-di-regia-prevista-in-legge-stabilita\/"},"modified":"2022-12-02T17:54:53","modified_gmt":"2022-12-02T16:54:53","slug":"autonomia-calderoli-cabina-di-regia-prevista-in-legge-stabilita","status":"publish","type":"post","link":"https:\/\/www.messinaoggi.it\/website\/2022\/12\/02\/autonomia-calderoli-cabina-di-regia-prevista-in-legge-stabilita\/","title":{"rendered":"Autonomia, Calderoli \u201cCabina di regia prevista in legge stabilit\u00e0\u201d"},"content":{"rendered":"<div>VENEZIA (ITALPRESS) &#8211; &#8220;Una apposita cabina di regia \u00e8 prevista nell&#8217;ambito della legge di stabilit\u00e0&#8221;. Lo ha detto, parlando di autonomia, il Ministro per gli Affari regionali e le Autonomie, Roberto Calderoli che ha incontrato il Presidente della Regione del Veneto, Luca Zaia, oggi, a Palazzo Balbi.<br \/>&#8220;Nell&#8217;arco di un anno &#8211; aggiunge &#8211; dovr\u00e0 definire i livelli essenziali di prestazione LEP, insieme ai relativi costi e ai fabbisogni standard. Solo dopo la definizione dei LEP sar\u00e0 consentito il trasferimento delle funzioni ulteriori alle Regioni. Questo modello si chiama dell&#8217;autonomia differenziata, proprio perch\u00e8 le competenze sulle varie materie vengono richieste sulla base delle potenzialit\u00e0 e del contesto di ogni singola Regione. Sar\u00e0 necessaria una legge di attuazione e, portando avanti tutto in parallelo, dovremmo poter affrontare e votare le singole intese, stabilite per la fine del 2023 e affidarle al Parlamento&#8221;.<br \/>&#8220;Con l&#8217;autonomia non vogliamo togliere niente a nessuno &#8211; ha precisato il presidente Zaia -. Siamo convinti di essere legati a doppio filo con le altre Regioni e rifiutiamo ancora una volta l&#8217;accusa di voler la secessione dei ricchi. Abbiamo ben chiaro che il Paese se cresce lo fa tutto assieme, se sprofonda lo fa tutto assieme. Chiediamo solo che la competenza che ci verr\u00e0 riconosciuta in ognuna delle materie, venga trasferita insieme alle risorse che lo Stato dedica gi\u00e0 a quella materia per il Veneto. Questo significa non togliere nulla a nessuno. Se poi per qualcuno l&#8217;obbiettivo \u00e8 l&#8217;equa divisione del malessere, allora noi non ci stiamo. Non accettiamo la regola di chi ritiene che &#8216;mal comune sia mezzo gaudi\u00f2. Per noi l&#8217;autonomia rimane vera assunzione di responsabilit\u00e0, un nuovo corso per questo Paese&#8221;.<br \/>-foto ufficio stampa Regione Veneto-<br \/>(ITALPRESS).<\/div>\n<div id=\"div-gpt-ad-Messinaoggi.it-DSK-300x250-corpoart\" style=\"text-align:center;margin:0 auto;\"><\/div><\/p><div id=\"videoincontent\" style=\"clear:both\";><\/div>","protected":false},"excerpt":{"rendered":"<p>VENEZIA (ITALPRESS) &#8211; &#8220;Una apposita cabina di regia \u00e8 prevista nell&#8217;ambito della legge di stabilit\u00e0&#8221;. Lo ha detto, parlando di autonomia, il Ministro per gli Affari regionali e le Autonomie, Roberto Calderoli che ha incontrato il Presidente della Regione del Veneto, Luca Zaia, oggi, a Palazzo Balbi.&#8220;Nell&#8217;arco di un anno &#8211; aggiunge &#8211; dovr\u00e0 definire [&hellip;]<\/p>\n","protected":false},"author":18,"featured_media":132553,"comment_status":"closed","ping_status":"closed","sticky":false,"template":"","format":"standard","meta":{"ub_ctt_via":"","_mi_skip_tracking":false},"categories":[446,4],"tags":[783],"featured_image_src":"https:\/\/www.messinaoggi.it\/website\/wp-content\/uploads\/2022\/12\/20221202_1670.jpg","author_info":{"display_name":"Admin","author_link":"https:\/\/www.messinaoggi.it\/website\/author\/admin\/"},"digistream_id":0,"digistream":false,"_links":{"self":[{"href":"https:\/\/www.messinaoggi.it\/website\/wp-json\/wp\/v2\/posts\/132552"}],"collection":[{"href":"https:\/\/www.messinaoggi.it\/website\/wp-json\/wp\/v2\/posts"}],"about":[{"href":"https:\/\/www.messinaoggi.it\/website\/wp-json\/wp\/v2\/types\/post"}],"author":[{"embeddable":true,"href":"https:\/\/www.messinaoggi.it\/website\/wp-json\/wp\/v2\/users\/18"}],"replies":[{"embeddable":true,"href":"https:\/\/www.messinaoggi.it\/website\/wp-json\/wp\/v2\/comments?post=132552"}],"version-history":[{"count":1,"href":"https:\/\/www.messinaoggi.it\/website\/wp-json\/wp\/v2\/posts\/132552\/revisions"}],"predecessor-version":[{"id":132558,"href":"https:\/\/www.messinaoggi.it\/website\/wp-json\/wp\/v2\/posts\/132552\/revisions\/132558"}],"wp:featuredmedia":[{"embeddable":true,"href":"https:\/\/www.messinaoggi.it\/website\/wp-json\/wp\/v2\/media\/132553"}],"wp:attachment":[{"href":"https:\/\/www.messinaoggi.it\/website\/wp-json\/wp\/v2\/media?parent=132552"}],"wp:term":[{"taxonomy":"category","embeddable":true,"href":"https:\/\/www.messinaoggi.it\/website\/wp-json\/wp\/v2\/categories?post=132552"},{"taxonomy":"post_tag","embeddable":true,"href":"https:\/\/www.messinaoggi.it\/website\/wp-json\/wp\/v2\/tags?post=132552"}],"curies":[{"name":"wp","href":"https:\/\/api.w.org\/{rel}","templated":true}]}}