{"id":132548,"date":"2022-12-02T17:07:51","date_gmt":"2022-12-02T16:07:51","guid":{"rendered":"https:\/\/www.messinaoggi.it\/website\/2022\/12\/02\/meloni-casa-bene-primario-rigenerare-le-periferie\/"},"modified":"2022-12-02T17:07:51","modified_gmt":"2022-12-02T16:07:51","slug":"meloni-casa-bene-primario-rigenerare-le-periferie","status":"publish","type":"post","link":"https:\/\/www.messinaoggi.it\/website\/2022\/12\/02\/meloni-casa-bene-primario-rigenerare-le-periferie\/","title":{"rendered":"Meloni \u201cCasa bene primario, rigenerare le periferie\u201d"},"content":{"rendered":"<div>ROMA (ITALPRESS) &#8211; &#8220;La rigenerazione urbana delle periferie ha un ruolo di importanza cruciale per migliorare la qualit\u00e0 della vita dei cittadini e per accrescere la capacit\u00e0 di attrazione delle attivit\u00e0 sociali ed economiche delle aree periferiche delle nostre citt\u00e0. Purtroppo, in passato le periferie sono state spesso oggetto di scelte urbanistiche sbagliate, dettate pi\u00f9 dalla speculazione che dalla volont\u00e0 di costruire spazi a misura d&#8217;uomo capaci di mettere al centro la persona e i suoi bisogni. <br \/>Gli interventi di riqualificazione delle periferie e le politiche abitative non possono non considerare la dimensione umana&#8221;. <br \/>Cos\u00ec il premier Giorgia Meloni, in un messaggio inviato in occasione dell&#8217;undicesima Convention nazionale di Confabitare.<br \/>&#8220;La casa rappresenta il bene primario attorno alla quale le persone costruiscono il proprio futuro e il punto di partenza per le relazioni sociali&#8221;, aggiunge. &#8220;E&#8217; la ragione per la quale questo Governo ha deciso di dare gi\u00e0 alcuni segnali in questa manovra, confermando le agevolazioni per gli under 36 nell&#8217;acquisto della prima casa e la possibilit\u00e0 di avere la garanzia dello Stato sul mutuo fino all&#8217;80%. E&#8217; la stessa ragione che ci ha portato, sempre in questa legge di bilancio, a difendere i diritti dei proprietari e stabilire un principio di civilt\u00e0: l&#8217;esenzione dal pagamento dell&#8217;Imu sugli immobili occupati abusivamente. Misure &#8211; spiega &#8211; alle quali ne seguiranno altre ma che confermano l&#8217;attenzione del Governo. Bisogna cambiare radicalmente paradigma e mettere al centro dei progetti di rigenerazione urbana e delle politiche per la casa le persone, con i loro bisogni e i loro desideri. Trasformare ogni periferia in un centro \u00e8 il nostro obiettivo e intendiamo raggiungerlo anche insieme a voi, alle vostre proposte e al vostro impegno&#8221;, conclude il presidete del Consiglio. <br \/>(ITALPRESS).<br \/>-foto Palazzo Chigi-<\/div>\n<div id=\"div-gpt-ad-Messinaoggi.it-DSK-300x250-corpoart\" style=\"text-align:center;margin:0 auto;\"><\/div><\/p><div id=\"videoincontent\" style=\"clear:both\";><\/div>","protected":false},"excerpt":{"rendered":"<p>ROMA (ITALPRESS) &#8211; &#8220;La rigenerazione urbana delle periferie ha un ruolo di importanza cruciale per migliorare la qualit\u00e0 della vita dei cittadini e per accrescere la capacit\u00e0 di attrazione delle attivit\u00e0 sociali ed economiche delle aree periferiche delle nostre citt\u00e0. Purtroppo, in passato le periferie sono state spesso oggetto di scelte urbanistiche sbagliate, dettate pi\u00f9 [&hellip;]<\/p>\n","protected":false},"author":18,"featured_media":132549,"comment_status":"closed","ping_status":"closed","sticky":false,"template":"","format":"standard","meta":{"ub_ctt_via":"","_mi_skip_tracking":false},"categories":[446],"tags":[783],"featured_image_src":"https:\/\/www.messinaoggi.it\/website\/wp-content\/uploads\/2022\/12\/20221202_1643.jpg","author_info":{"display_name":"Admin","author_link":"https:\/\/www.messinaoggi.it\/website\/author\/admin\/"},"digistream_id":0,"digistream":false,"_links":{"self":[{"href":"https:\/\/www.messinaoggi.it\/website\/wp-json\/wp\/v2\/posts\/132548"}],"collection":[{"href":"https:\/\/www.messinaoggi.it\/website\/wp-json\/wp\/v2\/posts"}],"about":[{"href":"https:\/\/www.messinaoggi.it\/website\/wp-json\/wp\/v2\/types\/post"}],"author":[{"embeddable":true,"href":"https:\/\/www.messinaoggi.it\/website\/wp-json\/wp\/v2\/users\/18"}],"replies":[{"embeddable":true,"href":"https:\/\/www.messinaoggi.it\/website\/wp-json\/wp\/v2\/comments?post=132548"}],"version-history":[{"count":0,"href":"https:\/\/www.messinaoggi.it\/website\/wp-json\/wp\/v2\/posts\/132548\/revisions"}],"wp:featuredmedia":[{"embeddable":true,"href":"https:\/\/www.messinaoggi.it\/website\/wp-json\/wp\/v2\/media\/132549"}],"wp:attachment":[{"href":"https:\/\/www.messinaoggi.it\/website\/wp-json\/wp\/v2\/media?parent=132548"}],"wp:term":[{"taxonomy":"category","embeddable":true,"href":"https:\/\/www.messinaoggi.it\/website\/wp-json\/wp\/v2\/categories?post=132548"},{"taxonomy":"post_tag","embeddable":true,"href":"https:\/\/www.messinaoggi.it\/website\/wp-json\/wp\/v2\/tags?post=132548"}],"curies":[{"name":"wp","href":"https:\/\/api.w.org\/{rel}","templated":true}]}}