{"id":132505,"date":"2022-12-02T15:07:51","date_gmt":"2022-12-02T14:07:51","guid":{"rendered":"https:\/\/www.messinaoggi.it\/website\/2022\/12\/02\/io-vengo-dallo-sport-a-verona-e-milano-i-seminari-per-gli-studenti\/"},"modified":"2022-12-02T15:07:51","modified_gmt":"2022-12-02T14:07:51","slug":"io-vengo-dallo-sport-a-verona-e-milano-i-seminari-per-gli-studenti","status":"publish","type":"post","link":"https:\/\/www.messinaoggi.it\/website\/2022\/12\/02\/io-vengo-dallo-sport-a-verona-e-milano-i-seminari-per-gli-studenti\/","title":{"rendered":"\u201cIo vengo dallo sport\u201d, a Verona e Milano i seminari per gli studenti"},"content":{"rendered":"<div>MILANO (ITALPRESS) &#8211; I seminari &#8220;Io vengo dallo sport&#8221;, organizzati il 30 novembre e il 1 dicembre in collaborazione rispettivamente con l&#8217;Universit\u00e0 degli Studi di Verona e con l&#8217;Universit\u00e0 Statale di Milano, sono stati l&#8217;occasione per introdurre e presentare il modulo didattico &#8220;Sport e Integrazione&#8221;, riservato agli studenti dei Corsi di laurea in Scienze Motorie. Attraverso gli incontri &#8211; entrambi moderati dall&#8217;ex nuotatrice Cristina Chiuso e svolti alla presenza di rappresentanti delle Universit\u00e0, del ministero del Lavoro e delle Politiche Sociali e di Sport e Salute &#8211; gli studenti hanno potuto conoscere i temi che verranno affrontati durante i corsi, iniziando cos\u00ec un percorso di riflessione che riguarder\u00e0 il ruolo dello sport come veicolo di inclusione e innovazione sociale.<br \/>Agli incontri sono intervenuti testimonial appartenenti al mondo dello sport che hanno contribuito a sottolineare l&#8217;importanza dell&#8217;allenatore come figura cruciale nella gestione dei gruppi multi-culturali e nella valorizzazione dello sport come terreno di incontro, dialogo, confronto e contrasto alle discriminazioni.<br \/>A Verona hanno portato la loro testimonianza Jos\u00e8 Reynaldo de Bencosme, velocista delle Fiamme Gialle e Paolo Pensa, Presidente dell&#8217;ASD &#8220;Le Tre Rose&#8221;.<br \/>Secondo Jos\u00e8 Reynaldo de Bencosme &#8220;lo sport \u00e8 tra i pi\u00f9 potenti strumenti d&#8217;integrazione che abbiamo a disposizione poich\u00e8 riesce a mettere in comunicazione persone di diversa provenienza, lingua ed etnia attraverso una passione comune. Sono particolarmente contento di avere potuto raccontare oggi la mia esperienza a chi domani avr\u00e0 il privilegio di essere un tecnico. L&#8217;allenatore per me \u00e8 come un genitore, che ti accompagna da quando sei bambino sino all&#8217;et\u00e0 adulta&#8221;. &#8220;L&#8217;esperienza di integrazione attraverso il rugby delle Tre Rose Rugby \u00e8 iniziata quasi per caso quando, nella stagione 2014-2015, la cooperativa Senape di Casale Monferrato mi propose di coinvolgere i primi tre richiedenti asilo nelle nostre attivit\u00e0 &#8211; ha dichiarato Paolo Pensa &#8211; Da l\u00ec \u00e8 nata l&#8217;idea di formare una squadra che partecipasse al campionato federale di serie C, composta negli anni fino all&#8217;80% da migranti, sempre nel tentativo di dare concretezza a quanto ci ha insegnato Nelson Mandela: lo sport pu\u00f2 creare speranza laddove prima c&#8217;era solo disperazione&#8221;. <br \/>A Milano, oltre allo stesso Jos\u00e8 Reynaldo Bencosme de Leon, si sono aggiunti Maurizio Damilano, medaglia d&#8217;oro ai Giochi Olimpici di Mosca 1980 nella 20 km di marcia e Legend di Sport e Salute, e Massimo Achini, presidente del Comitato territoriale CSI Milano.<br \/>Per Maurizio Damilano &#8220;lo sport da sempre \u00e8 veicolo di inclusione e di convivenza multietnica. Atleti di Paesi e culture diverse si incontrano nello sport parlando la stessa lingua: quella della solidariet\u00e0 e della condivisione di valori ed obiettivi.I sogni di ogni atleta hanno lo stesso colore e parlano la medesima lingua, e questo crea all&#8217;interno del mondo sportivo legami che non si spezzano&#8221;.<br \/>&#8220;Alleno la squadra dell&#8217;Istituto Penale per minorenni Beccaria di Milano. Un&#8217;esperienza profondamente significativa da cui emerge quanto la nostra attualit\u00e0 stia ponendo i ragazzi di fronte a sfide sempre pi\u00f9 complesse e di conseguenza i loro allenatori\/educatori &#8211; ha dichiarato Massimo Achini -. Queste figure hanno una responsabilit\u00e0 fondamentale nel formare i cittadini del domani, spingendoli a nutrire i propri sogni e offrendo loro esempi di play, inclusivit\u00e0, gioco di squadra, in un&#8217;epoca che spesso, purtroppo, tende a metterli da parte&#8221;. <br \/>Gli incontri appartengono al ciclo di 11 seminari che verranno realizzati in altrettante universit\u00e0 italiane come parte del modulo didattico &#8220;Sport e Integrazione&#8221; &#8211; un intervento promosso nell&#8217;ambito del progetto &#8220;Sport e integrazione&#8221; realizzato da Sport e Salute S.p.A. e finanziato dal Ministero del Lavoro e delle Politiche Sociali.<br \/>I prossimi incontri in programma: 12 dicembre, Universit\u00e0 degli Studi di Firenze; 25 gennaio &#8211; Universit\u00e0 degli Studi di Roma &#8211; Tor Vergata.<div id=\"div-gpt-ad-Messinaoggi.it-DSK-300x250-corpoart\" style=\"text-align:center;margin:0 auto;\"><\/div><\/p>\n<p>&#8211; foto ufficio stampa sg plus &#8211;<br \/>(ITALPRESS).<\/div>\n<div id=\"videoincontent\" style=\"clear:both\";><\/div>","protected":false},"excerpt":{"rendered":"<p>MILANO (ITALPRESS) &#8211; I seminari &#8220;Io vengo dallo sport&#8221;, organizzati il 30 novembre e il 1 dicembre in collaborazione rispettivamente con l&#8217;Universit\u00e0 degli Studi di Verona e con l&#8217;Universit\u00e0 Statale di Milano, sono stati l&#8217;occasione per introdurre e presentare il modulo didattico &#8220;Sport e Integrazione&#8221;, riservato agli studenti dei Corsi di laurea in Scienze Motorie. [&hellip;]<\/p>\n","protected":false},"author":18,"featured_media":132506,"comment_status":"closed","ping_status":"closed","sticky":false,"template":"","format":"standard","meta":{"ub_ctt_via":"","_mi_skip_tracking":false},"categories":[446],"tags":[783],"featured_image_src":"https:\/\/www.messinaoggi.it\/website\/wp-content\/uploads\/2022\/12\/20221202_0924.jpg","author_info":{"display_name":"Admin","author_link":"https:\/\/www.messinaoggi.it\/website\/author\/admin\/"},"digistream_id":0,"digistream":false,"_links":{"self":[{"href":"https:\/\/www.messinaoggi.it\/website\/wp-json\/wp\/v2\/posts\/132505"}],"collection":[{"href":"https:\/\/www.messinaoggi.it\/website\/wp-json\/wp\/v2\/posts"}],"about":[{"href":"https:\/\/www.messinaoggi.it\/website\/wp-json\/wp\/v2\/types\/post"}],"author":[{"embeddable":true,"href":"https:\/\/www.messinaoggi.it\/website\/wp-json\/wp\/v2\/users\/18"}],"replies":[{"embeddable":true,"href":"https:\/\/www.messinaoggi.it\/website\/wp-json\/wp\/v2\/comments?post=132505"}],"version-history":[{"count":0,"href":"https:\/\/www.messinaoggi.it\/website\/wp-json\/wp\/v2\/posts\/132505\/revisions"}],"wp:featuredmedia":[{"embeddable":true,"href":"https:\/\/www.messinaoggi.it\/website\/wp-json\/wp\/v2\/media\/132506"}],"wp:attachment":[{"href":"https:\/\/www.messinaoggi.it\/website\/wp-json\/wp\/v2\/media?parent=132505"}],"wp:term":[{"taxonomy":"category","embeddable":true,"href":"https:\/\/www.messinaoggi.it\/website\/wp-json\/wp\/v2\/categories?post=132505"},{"taxonomy":"post_tag","embeddable":true,"href":"https:\/\/www.messinaoggi.it\/website\/wp-json\/wp\/v2\/tags?post=132505"}],"curies":[{"name":"wp","href":"https:\/\/api.w.org\/{rel}","templated":true}]}}