{"id":132471,"date":"2022-12-02T13:02:52","date_gmt":"2022-12-02T12:02:52","guid":{"rendered":"https:\/\/www.messinaoggi.it\/website\/2022\/12\/02\/il-film-i-buonisti-dal-7-dicembre-in-anteprima-nelle-sale-siciliane\/"},"modified":"2022-12-02T13:02:52","modified_gmt":"2022-12-02T12:02:52","slug":"il-film-i-buonisti-dal-7-dicembre-in-anteprima-nelle-sale-siciliane","status":"publish","type":"post","link":"https:\/\/www.messinaoggi.it\/website\/2022\/12\/02\/il-film-i-buonisti-dal-7-dicembre-in-anteprima-nelle-sale-siciliane\/","title":{"rendered":"Il film \u201cI Buonisti\u201d dal 7 dicembre in anteprima nelle sale siciliane"},"content":{"rendered":"<div>\n<p>PALERMO (ITALPRESS) \u2013 Dal 7 dicembre nelle sale cinematografiche siciliane arriva il film \u2018I Buonist\u00ec del regista Salvo Grasso, in anteprima nazionale, prodotto dalla Cinematografica Siciliana al suo debutto nel mondo della \u2018cellulos\u00e0. <br \/>\u201cLa produzione, per il suo battesimo \u2013 si legge in una nota -, ha scelto un cast tutto siciliano e per il ruolo di protagonisti si \u00e8 rivolta a quattro attori ben conosciuti ed amati dal pubblico: la coppia Toti e Totino e il duo formato da Enrico Guarneri e Mario Opinato. Un quartetto che ha valorizzato il lavoro del regista Salvo Grasso, che \u00e8 stato anche sceneggiatore del film, rendendo in chiave comico-grottesca la trama che tratta aspetti etico-morali della vita quotidiana di personaggi che modificano il proprio comportamento sociale in base agli eventi o ai propri interessi. Uno spaccato, quindi, della societ\u00e0 attuale che spesso si pone in una contrapposizione sociale sui valori ritenuti basilari della civile convivenza e da dove scaturisce un dibattito a volte anche aspro\u201d.<br \/>\u201cPer il regista Salvo Grasso, con il suo film \u2018I Buonist\u00ec, trattare argomenti cos\u00ec profondi, che a volte possono sembrare frivoli nelle tante gag esilaranti perch\u00e8 trattati in tal modo per essere pi\u00f9 incisivi, vuole evidenziare e sottolineare i disagi dei cittadini nell\u2019affrontare la vita giornaliera e le loro reazioni alle avversit\u00e0 che accadono o agli imprevisti che possono modificare i propri punti fermi\u201d, sottolinea la nota.<br \/>(ITALPRESS).<div id=\"div-gpt-ad-Messinaoggi.it-DSK-300x250-corpoart\" style=\"text-align:center;margin:0 auto;\"><\/div><\/p>\n<\/div>\n<div id=\"videoincontent\" style=\"clear:both\";><\/div>","protected":false},"excerpt":{"rendered":"<p>PALERMO (ITALPRESS) \u2013 Dal 7 dicembre nelle sale cinematografiche siciliane arriva il film \u2018I Buonist\u00ec del regista Salvo Grasso, in anteprima nazionale, prodotto dalla Cinematografica Siciliana al suo debutto nel mondo della \u2018cellulos\u00e0. \u201cLa produzione, per il suo battesimo \u2013 si legge in una nota -, ha scelto un cast tutto siciliano e per il [&hellip;]<\/p>\n","protected":false},"author":18,"featured_media":132472,"comment_status":"closed","ping_status":"closed","sticky":false,"template":"","format":"standard","meta":{"ub_ctt_via":"","_mi_skip_tracking":false},"categories":[2449],"tags":[783],"featured_image_src":"https:\/\/www.messinaoggi.it\/website\/wp-content\/uploads\/2022\/12\/20221202_0557.jpg","author_info":{"display_name":"Admin","author_link":"https:\/\/www.messinaoggi.it\/website\/author\/admin\/"},"digistream_id":0,"digistream":false,"_links":{"self":[{"href":"https:\/\/www.messinaoggi.it\/website\/wp-json\/wp\/v2\/posts\/132471"}],"collection":[{"href":"https:\/\/www.messinaoggi.it\/website\/wp-json\/wp\/v2\/posts"}],"about":[{"href":"https:\/\/www.messinaoggi.it\/website\/wp-json\/wp\/v2\/types\/post"}],"author":[{"embeddable":true,"href":"https:\/\/www.messinaoggi.it\/website\/wp-json\/wp\/v2\/users\/18"}],"replies":[{"embeddable":true,"href":"https:\/\/www.messinaoggi.it\/website\/wp-json\/wp\/v2\/comments?post=132471"}],"version-history":[{"count":0,"href":"https:\/\/www.messinaoggi.it\/website\/wp-json\/wp\/v2\/posts\/132471\/revisions"}],"wp:featuredmedia":[{"embeddable":true,"href":"https:\/\/www.messinaoggi.it\/website\/wp-json\/wp\/v2\/media\/132472"}],"wp:attachment":[{"href":"https:\/\/www.messinaoggi.it\/website\/wp-json\/wp\/v2\/media?parent=132471"}],"wp:term":[{"taxonomy":"category","embeddable":true,"href":"https:\/\/www.messinaoggi.it\/website\/wp-json\/wp\/v2\/categories?post=132471"},{"taxonomy":"post_tag","embeddable":true,"href":"https:\/\/www.messinaoggi.it\/website\/wp-json\/wp\/v2\/tags?post=132471"}],"curies":[{"name":"wp","href":"https:\/\/api.w.org\/{rel}","templated":true}]}}