{"id":132464,"date":"2022-12-02T12:07:52","date_gmt":"2022-12-02T11:07:52","guid":{"rendered":"https:\/\/www.messinaoggi.it\/website\/2022\/12\/02\/migranti-mattarella-serve-comune-e-lungimirante-gestione-dei-flussi\/"},"modified":"2022-12-02T12:07:52","modified_gmt":"2022-12-02T11:07:52","slug":"migranti-mattarella-serve-comune-e-lungimirante-gestione-dei-flussi","status":"publish","type":"post","link":"https:\/\/www.messinaoggi.it\/website\/2022\/12\/02\/migranti-mattarella-serve-comune-e-lungimirante-gestione-dei-flussi\/","title":{"rendered":"Migranti, Mattarella \u201cServe comune e lungimirante gestione dei flussi\u201d"},"content":{"rendered":"<div>ROMA (ITALPRESS) &#8211; &#8220;La crescita dei Paesi posti sulle rive del Mediterraneo, passa anche per una comune e lungimirante gestione dei flussi migratori che impoveriscono i Paesi di origine di energie utili allo sviluppo delle loro comunit\u00e0&#8221;. Lo ha detto il presidente della Repubblica, Sergio Mattarella, alla cerimonia di apertura dell&#8217;VIII edizione della Conferenza Internazionale Rome MED Dialogue. &#8220;Si tratta di una questione decisiva e globale &#8211; come ben sa l&#8217;Organizzazione internazionale delle migrazioni &#8211; legata a dinamiche demografiche e d&#8217;interconnessione mondiale che appare vano pensare possa eclissarsi e che dobbiamo, invece, in una logica di comune interesse, impegnarci a gestire&#8221;, ha spiegato. &#8220;Anche su questo terreno diplomazia, istituzioni nazionali e internazionali, a cominciare dall&#8217;Unione europea, sono chiamate a un impegno comune fra loro e con quei Paesi &#8211; penso alla difficile situazione che continua ad attraversare la Libia &#8211; pi\u00f9 esposti a questo fenomeno. Anche in questo caso sono in gioco la vita, il destino e la dignit\u00e0 degli esseri umani. E&#8217; questione cruciale per la stabilit\u00e0 e per la prosperit\u00e0 dell&#8217;Unione Europea e per la stabilit\u00e0 e la prosperit\u00e0 del nostro vicinato meridionale&#8221;, ha concluso.<br \/>\n(ITALPRESS).<br \/>\n-foto Quirinale-<\/div>\n<div id=\"div-gpt-ad-Messinaoggi.it-DSK-300x250-corpoart\" style=\"text-align:center;margin:0 auto;\"><\/div><\/p><div id=\"videoincontent\" style=\"clear:both\";><\/div>","protected":false},"excerpt":{"rendered":"<p>ROMA (ITALPRESS) &#8211; &#8220;La crescita dei Paesi posti sulle rive del Mediterraneo, passa anche per una comune e lungimirante gestione dei flussi migratori che impoveriscono i Paesi di origine di energie utili allo sviluppo delle loro comunit\u00e0&#8221;. Lo ha detto il presidente della Repubblica, Sergio Mattarella, alla cerimonia di apertura dell&#8217;VIII edizione della Conferenza Internazionale [&hellip;]<\/p>\n","protected":false},"author":18,"featured_media":132465,"comment_status":"closed","ping_status":"closed","sticky":false,"template":"","format":"standard","meta":{"ub_ctt_via":"","_mi_skip_tracking":false},"categories":[446],"tags":[783],"featured_image_src":"https:\/\/www.messinaoggi.it\/website\/wp-content\/uploads\/2022\/12\/20221202_0272.jpg","author_info":{"display_name":"Admin","author_link":"https:\/\/www.messinaoggi.it\/website\/author\/admin\/"},"digistream_id":0,"digistream":false,"_links":{"self":[{"href":"https:\/\/www.messinaoggi.it\/website\/wp-json\/wp\/v2\/posts\/132464"}],"collection":[{"href":"https:\/\/www.messinaoggi.it\/website\/wp-json\/wp\/v2\/posts"}],"about":[{"href":"https:\/\/www.messinaoggi.it\/website\/wp-json\/wp\/v2\/types\/post"}],"author":[{"embeddable":true,"href":"https:\/\/www.messinaoggi.it\/website\/wp-json\/wp\/v2\/users\/18"}],"replies":[{"embeddable":true,"href":"https:\/\/www.messinaoggi.it\/website\/wp-json\/wp\/v2\/comments?post=132464"}],"version-history":[{"count":0,"href":"https:\/\/www.messinaoggi.it\/website\/wp-json\/wp\/v2\/posts\/132464\/revisions"}],"wp:featuredmedia":[{"embeddable":true,"href":"https:\/\/www.messinaoggi.it\/website\/wp-json\/wp\/v2\/media\/132465"}],"wp:attachment":[{"href":"https:\/\/www.messinaoggi.it\/website\/wp-json\/wp\/v2\/media?parent=132464"}],"wp:term":[{"taxonomy":"category","embeddable":true,"href":"https:\/\/www.messinaoggi.it\/website\/wp-json\/wp\/v2\/categories?post=132464"},{"taxonomy":"post_tag","embeddable":true,"href":"https:\/\/www.messinaoggi.it\/website\/wp-json\/wp\/v2\/tags?post=132464"}],"curies":[{"name":"wp","href":"https:\/\/api.w.org\/{rel}","templated":true}]}}