{"id":132416,"date":"2022-12-02T07:37:17","date_gmt":"2022-12-02T06:37:17","guid":{"rendered":"http:\/\/www.messinaoggi.it\/website\/?p=132416"},"modified":"2022-12-02T07:37:18","modified_gmt":"2022-12-02T06:37:18","slug":"parcheggi-interscambio-limitazioni-sul-viale-europa","status":"publish","type":"post","link":"https:\/\/www.messinaoggi.it\/website\/2022\/12\/02\/parcheggi-interscambio-limitazioni-sul-viale-europa\/","title":{"rendered":"Parcheggi interscambio, limitazioni sul viale Europa"},"content":{"rendered":"\n<p><br>Nell\u2019ambito dei lavori di realizzazione di nuovi parcheggi di interscambio, finalizzati al miglioramento delle funzionalit\u00e0 e della sostenibilit\u00e0 ambientale della mobilit\u00e0 urbana nel territorio comunale \u2013 Parcheggio d\u2019interscambio a raso Europa centro, \u00e8 prevista la chiusura al transito per semicarreggiata, gestendo la circolazione veicolare nella rimanente parte all\u2019intersezione viale Europa, intersezione con viale San Martino in direzione valle monte e monte valle. Il provvedimento \u00e8 stato adottato per consentire gli interventi relativi allo scavo di attraversamento su viale Europa Europa intersezione con viale San Martino<div id=\"div-gpt-ad-Messinaoggi.it-DSK-300x250-corpoart\" style=\"text-align:center;margin:0 auto;\"><\/div><\/p>\n<div id=\"videoincontent\" style=\"clear:both\";><\/div>","protected":false},"excerpt":{"rendered":"<p>Nell\u2019ambito dei lavori di realizzazione di nuovi parcheggi di interscambio, finalizzati al miglioramento delle funzionalit\u00e0 e della sostenibilit\u00e0 ambientale della mobilit\u00e0 urbana nel territorio comunale \u2013 Parcheggio d\u2019interscambio a raso Europa centro, \u00e8 prevista la chiusura al transito per semicarreggiata, gestendo la circolazione veicolare nella rimanente parte all\u2019intersezione viale Europa, intersezione con viale San Martino [&hellip;]<\/p>\n","protected":false},"author":4,"featured_media":19403,"comment_status":"open","ping_status":"open","sticky":false,"template":"","format":"standard","meta":{"ub_ctt_via":"","_mi_skip_tracking":false},"categories":[5],"tags":[5081,629],"featured_image_src":"https:\/\/www.messinaoggi.it\/website\/wp-content\/uploads\/2018\/05\/viale-europa-1.jpg","author_info":{"display_name":"redme","author_link":"https:\/\/www.messinaoggi.it\/website\/author\/redme\/"},"digistream_id":0,"digistream":false,"_links":{"self":[{"href":"https:\/\/www.messinaoggi.it\/website\/wp-json\/wp\/v2\/posts\/132416"}],"collection":[{"href":"https:\/\/www.messinaoggi.it\/website\/wp-json\/wp\/v2\/posts"}],"about":[{"href":"https:\/\/www.messinaoggi.it\/website\/wp-json\/wp\/v2\/types\/post"}],"author":[{"embeddable":true,"href":"https:\/\/www.messinaoggi.it\/website\/wp-json\/wp\/v2\/users\/4"}],"replies":[{"embeddable":true,"href":"https:\/\/www.messinaoggi.it\/website\/wp-json\/wp\/v2\/comments?post=132416"}],"version-history":[{"count":1,"href":"https:\/\/www.messinaoggi.it\/website\/wp-json\/wp\/v2\/posts\/132416\/revisions"}],"predecessor-version":[{"id":132417,"href":"https:\/\/www.messinaoggi.it\/website\/wp-json\/wp\/v2\/posts\/132416\/revisions\/132417"}],"wp:featuredmedia":[{"embeddable":true,"href":"https:\/\/www.messinaoggi.it\/website\/wp-json\/wp\/v2\/media\/19403"}],"wp:attachment":[{"href":"https:\/\/www.messinaoggi.it\/website\/wp-json\/wp\/v2\/media?parent=132416"}],"wp:term":[{"taxonomy":"category","embeddable":true,"href":"https:\/\/www.messinaoggi.it\/website\/wp-json\/wp\/v2\/categories?post=132416"},{"taxonomy":"post_tag","embeddable":true,"href":"https:\/\/www.messinaoggi.it\/website\/wp-json\/wp\/v2\/tags?post=132416"}],"curies":[{"name":"wp","href":"https:\/\/api.w.org\/{rel}","templated":true}]}}