{"id":132366,"date":"2022-12-02T09:38:52","date_gmt":"2022-12-02T08:38:52","guid":{"rendered":"http:\/\/www.messinaoggi.it\/website\/?p=132366"},"modified":"2022-12-02T09:38:53","modified_gmt":"2022-12-02T08:38:53","slug":"discarica-in-via-san-paolino-uno-scempio","status":"publish","type":"post","link":"https:\/\/www.messinaoggi.it\/website\/2022\/12\/02\/discarica-in-via-san-paolino-uno-scempio\/","title":{"rendered":"Discarica in Via San Paolino: uno scempio"},"content":{"rendered":"\n<p>Uno scempio, quasi una discarica a cielo aperto, con rischio per l\u2019incolumit\u00e0 pubblica, con rifiuti e detriti di ogni genere. E\u2019 quella che si trova tra Largo San Paolino e Via San Paolino nelle vicinanze di Piazza del Popolo e del Santuario di Sant\u2019Antonio, e che documentiamo grazie alla segnalazione di un cittadino.<div id=\"div-gpt-ad-Messinaoggi.it-DSK-300x250-corpoart\" style=\"text-align:center;margin:0 auto;\"><\/div><\/p>\n\n\n\n<figure class=\"wp-block-image size-large\"><img loading=\"lazy\" width=\"768\" height=\"1024\" src=\"http:\/\/www.messinaoggi.it\/website\/wp-content\/uploads\/2022\/12\/San-Paolino-3.jpeg\" alt=\"\" class=\"wp-image-132443\" srcset=\"https:\/\/www.messinaoggi.it\/website\/wp-content\/uploads\/2022\/12\/San-Paolino-3.jpeg 768w, https:\/\/www.messinaoggi.it\/website\/wp-content\/uploads\/2022\/12\/San-Paolino-3-225x300.jpeg 225w\" sizes=\"(max-width: 768px) 100vw, 768px\" \/><\/figure>\n\n\n\n<p>Si tratterebbe di un cantiere privato, stando a quanto riferito da cittadini della zona. Probabilmente autorizzato ad occupare anche un&#8217;area pubblica, ma che non dovrebbe comunque contenere rifiuti di ogni genere in area comunale quale il marciapiede e la strada. A ci\u00f2 si aggiunga l&#8217;incivilt\u00e0 di qualche cittadino che ritiene quell&#8217;area una discarica.<div id=\"videoincontent\" style=\"clear:both\";><\/div><\/p>\n\n\n\n<p>Rischi non solo per l\u2019incolumit\u00e0, ma anche problemi alla viabilit\u00e0 ostruita in particolare nella via adiacente dove \u00e8 situato l&#8217;Istituto Spirito Santo.<\/p>\n\n\n\n<figure class=\"wp-block-image size-large\"><img loading=\"lazy\" width=\"768\" height=\"1024\" src=\"http:\/\/www.messinaoggi.it\/website\/wp-content\/uploads\/2022\/12\/San-Paolino-1.jpeg\" alt=\"\" class=\"wp-image-132442\" srcset=\"https:\/\/www.messinaoggi.it\/website\/wp-content\/uploads\/2022\/12\/San-Paolino-1.jpeg 768w, https:\/\/www.messinaoggi.it\/website\/wp-content\/uploads\/2022\/12\/San-Paolino-1-225x300.jpeg 225w\" sizes=\"(max-width: 768px) 100vw, 768px\" \/><\/figure>\n\n\n\n<p>Abbiamo contattato il vicesindaco <strong>Salvatore Mondello<\/strong> che si sta premurando di verificare se tutto \u00e8 a norma. Ha infatti segnalato la situazione alla Polizia Municipale, che dovrebbe intervenire a valutare.<\/p>\n\n\n\n<p>Il cittadino che ha denunciato ci dice che il cantiere \u00e8 fermo l\u00ec da mesi. Anche questa lunga permanenza lascia dei dubbi.<\/p>\n\n\n\n<figure class=\"wp-block-image size-large\"><img loading=\"lazy\" width=\"768\" height=\"1024\" src=\"http:\/\/www.messinaoggi.it\/website\/wp-content\/uploads\/2022\/12\/San-Paolino-2-1.jpeg\" alt=\"\" class=\"wp-image-132444\" srcset=\"https:\/\/www.messinaoggi.it\/website\/wp-content\/uploads\/2022\/12\/San-Paolino-2-1.jpeg 768w, https:\/\/www.messinaoggi.it\/website\/wp-content\/uploads\/2022\/12\/San-Paolino-2-1-225x300.jpeg 225w\" sizes=\"(max-width: 768px) 100vw, 768px\" \/><\/figure>\n\n\n\n<p>Non sappiamo se quello che accade \u00e8 una violazione delle norme, di sicuro ci sono disagi e rischi per le persone.<\/p>\n\n\n\n<p>Aggiorneremo e vigileremo.<\/p>\n\n\n\n<p><strong> Michele Bruno<\/strong><\/p>\n","protected":false},"excerpt":{"rendered":"<p>Uno scempio, quasi una discarica a cielo aperto, con rischio per l\u2019incolumit\u00e0 pubblica, con rifiuti e detriti di ogni genere. E\u2019 quella che si trova tra Largo San Paolino e Via San Paolino nelle vicinanze di Piazza del Popolo e del Santuario di Sant\u2019Antonio, e che documentiamo grazie alla segnalazione di un cittadino. Si tratterebbe [&hellip;]<\/p>\n","protected":false},"author":123457,"featured_media":132441,"comment_status":"open","ping_status":"open","sticky":false,"template":"","format":"standard","meta":{"ub_ctt_via":"","_mi_skip_tracking":false},"categories":[6],"tags":[1363,683,5740,5739],"featured_image_src":"https:\/\/www.messinaoggi.it\/website\/wp-content\/uploads\/2022\/12\/San-Paolino-2-e1669969936467.jpeg","author_info":{"display_name":"Michele Bruno","author_link":"https:\/\/www.messinaoggi.it\/website\/author\/michele-bruno\/"},"digistream_id":0,"digistream":false,"_links":{"self":[{"href":"https:\/\/www.messinaoggi.it\/website\/wp-json\/wp\/v2\/posts\/132366"}],"collection":[{"href":"https:\/\/www.messinaoggi.it\/website\/wp-json\/wp\/v2\/posts"}],"about":[{"href":"https:\/\/www.messinaoggi.it\/website\/wp-json\/wp\/v2\/types\/post"}],"author":[{"embeddable":true,"href":"https:\/\/www.messinaoggi.it\/website\/wp-json\/wp\/v2\/users\/123457"}],"replies":[{"embeddable":true,"href":"https:\/\/www.messinaoggi.it\/website\/wp-json\/wp\/v2\/comments?post=132366"}],"version-history":[{"count":5,"href":"https:\/\/www.messinaoggi.it\/website\/wp-json\/wp\/v2\/posts\/132366\/revisions"}],"predecessor-version":[{"id":132445,"href":"https:\/\/www.messinaoggi.it\/website\/wp-json\/wp\/v2\/posts\/132366\/revisions\/132445"}],"wp:featuredmedia":[{"embeddable":true,"href":"https:\/\/www.messinaoggi.it\/website\/wp-json\/wp\/v2\/media\/132441"}],"wp:attachment":[{"href":"https:\/\/www.messinaoggi.it\/website\/wp-json\/wp\/v2\/media?parent=132366"}],"wp:term":[{"taxonomy":"category","embeddable":true,"href":"https:\/\/www.messinaoggi.it\/website\/wp-json\/wp\/v2\/categories?post=132366"},{"taxonomy":"post_tag","embeddable":true,"href":"https:\/\/www.messinaoggi.it\/website\/wp-json\/wp\/v2\/tags?post=132366"}],"curies":[{"name":"wp","href":"https:\/\/api.w.org\/{rel}","templated":true}]}}