{"id":13236,"date":"2017-12-18T10:38:19","date_gmt":"2017-12-18T09:38:19","guid":{"rendered":"http:\/\/www.messinaoggi.it\/website\/?p=13236"},"modified":"2017-12-18T10:38:19","modified_gmt":"2017-12-18T09:38:19","slug":"natale-a-cairoli-cresce-lattesa-per-il-concerto-di-francesco-sarcina","status":"publish","type":"post","link":"https:\/\/www.messinaoggi.it\/website\/2017\/12\/18\/natale-a-cairoli-cresce-lattesa-per-il-concerto-di-francesco-sarcina\/","title":{"rendered":"Natale a Cairoli: Cresce l&#039;attesa per il concerto di Francesco Sarcina"},"content":{"rendered":"<p style=\"text-align: justify;\">Il Natale di piazza Cairoli targato Confcommercio \u00e8 pronto ad entrare nel vivo. Oggi pomeriggio sar\u00e0 inaugurata la pista di ghiaccio, ieri \u00e8 stato \u201ctagliato il nastro\u201d\u00a0 del Presepe, vero e proprio simbolo del Natale, mentre la ruota Panoramica, il Laboratorio del Gusto con i suoi chef e la Casa di Babbo Natale, continuano ad attrarre grandi e bambini. Manca l\u2019ultimo tassello, quello musicale, con i concerti pronti ad entusiasmare i tanti giovani che fino alle 24 animeranno piazza Cairoli.<div id=\"div-gpt-ad-Messinaoggi.it-DSK-300x250-corpoart\" style=\"text-align:center;margin:0 auto;\"><\/div><\/p>\n<p style=\"text-align: justify;\">Il primo appuntamento da non perdere sar\u00e0 mercoled\u00ec, quando sul palco salir\u00e0 Francesco Sarcina, voce storica de Le Vibrazioni, gruppo milanese arrivato alla ribalta nel primo decennio degli anni 2000. Nato a Milano da famiglia di origini pugliesi il 30 ottobre 1976, Sarcina fond\u00f2 le Vibrazioni nel 1996 ma l\u2019anno di svolta per il gruppo fu il 2003. Grazie a singoli come<em> \u201cDedicato a Te<\/em>\u201d, <em>\u201cVieni da Me\u201d<\/em> e \u201c<em>in una Notte d\u2019Estate\u201d<\/em>, Le Vibrazioni entrano nel cuore delle fans, diventando un punto di riferimento soprattutto tra le ragazze. Il gruppo entra a far parte anche del panorama musicale cinematografico, confezionando le sigle di film come &#8220;Eccezziunale Veramente-Capitolo Secondo Me\u201d di Diego Abatantuono e \u201cTre Metri Sopra il Cielo\u201d con Riccardo Scamarcio.<div id=\"videoincontent\" style=\"clear:both\";><\/div><\/p>\n<p style=\"text-align: justify;\">Tra il 2011 e il 2012 inizia la carriera da solista con un\u2019apparizione, al fianco di Giusi Ferreri, ed una partecipazione al Festival di Sanremo. Mercoled\u00ec sera Sarcina canter\u00e0 i brani pi\u00f9 importanti della sua carriera musicale, facendo rivivere i fasti di 15 anni fa. L\u2019attesa sta per finire, mancano solo due giorni.<\/p>\n","protected":false},"excerpt":{"rendered":"<p>Il Natale di piazza Cairoli targato Confcommercio \u00e8 pronto ad entrare nel vivo. Oggi pomeriggio sar\u00e0 inaugurata la pista di ghiaccio, ieri \u00e8 stato \u201ctagliato il nastro\u201d\u00a0 del Presepe, vero e proprio simbolo del Natale, mentre la ruota Panoramica, il Laboratorio del Gusto con i suoi chef e la Casa di Babbo Natale, continuano ad [&hellip;]<\/p>\n","protected":false},"author":2,"featured_media":13244,"comment_status":"closed","ping_status":"open","sticky":false,"template":"","format":"standard","meta":{"ub_ctt_via":"","_mi_skip_tracking":false},"categories":[6],"tags":[],"featured_image_src":"https:\/\/www.messinaoggi.it\/website\/wp-content\/uploads\/2017\/12\/Francesco-Sarcina.jpg","author_info":{"display_name":"Redazione","author_link":"https:\/\/www.messinaoggi.it\/website\/author\/redazione\/"},"digistream_id":0,"digistream":false,"_links":{"self":[{"href":"https:\/\/www.messinaoggi.it\/website\/wp-json\/wp\/v2\/posts\/13236"}],"collection":[{"href":"https:\/\/www.messinaoggi.it\/website\/wp-json\/wp\/v2\/posts"}],"about":[{"href":"https:\/\/www.messinaoggi.it\/website\/wp-json\/wp\/v2\/types\/post"}],"author":[{"embeddable":true,"href":"https:\/\/www.messinaoggi.it\/website\/wp-json\/wp\/v2\/users\/2"}],"replies":[{"embeddable":true,"href":"https:\/\/www.messinaoggi.it\/website\/wp-json\/wp\/v2\/comments?post=13236"}],"version-history":[{"count":0,"href":"https:\/\/www.messinaoggi.it\/website\/wp-json\/wp\/v2\/posts\/13236\/revisions"}],"wp:featuredmedia":[{"embeddable":true,"href":"https:\/\/www.messinaoggi.it\/website\/wp-json\/wp\/v2\/media\/13244"}],"wp:attachment":[{"href":"https:\/\/www.messinaoggi.it\/website\/wp-json\/wp\/v2\/media?parent=13236"}],"wp:term":[{"taxonomy":"category","embeddable":true,"href":"https:\/\/www.messinaoggi.it\/website\/wp-json\/wp\/v2\/categories?post=13236"},{"taxonomy":"post_tag","embeddable":true,"href":"https:\/\/www.messinaoggi.it\/website\/wp-json\/wp\/v2\/tags?post=13236"}],"curies":[{"name":"wp","href":"https:\/\/api.w.org\/{rel}","templated":true}]}}