{"id":132351,"date":"2022-12-01T18:02:53","date_gmt":"2022-12-01T17:02:53","guid":{"rendered":"https:\/\/www.messinaoggi.it\/website\/2022\/12\/01\/schifani-presenta-le-linee-programmatiche-del-suo-governo\/"},"modified":"2022-12-01T18:02:53","modified_gmt":"2022-12-01T17:02:53","slug":"schifani-presenta-le-linee-programmatiche-del-suo-governo","status":"publish","type":"post","link":"https:\/\/www.messinaoggi.it\/website\/2022\/12\/01\/schifani-presenta-le-linee-programmatiche-del-suo-governo\/","title":{"rendered":"Schifani presenta le linee programmatiche del suo governo"},"content":{"rendered":"<div>\n<p>PALERMO (ITALPRESS) \u2013 Ha detto \u201cdi guardare senza riserve al privato convenzionato, sia ospedaliero che diagnostico\u201d per \u201cabbattere le inaccettabili liste di attesa\u201d, ma ha chiesto scusa alla mamma di una bambina di otto anni malata di tumore, che \u00e8 stata costretta a rivolgersi ai privati per far curare la figlioletta. Ha promesso la rotazione del personale regionale per evitare casi di corruttela e \u201cdi pericolose forme di incrostazione\u201d. Si \u00e8 definito \u201cparlamentarista convinto\u201d e ha promesso il confronto in Aula con l\u2019opposizione. In quasi 70 minuti, il presidente della Regione siciliana, Renato Schifani, ha presentato a Sala d\u2019Ercole le linee programmatiche del suo governo, davanti ai neo deputati del Parlamento siciliano. Quasi venti cartelle per esporre i punti principali del suo programma. <br \/>Schifani ha ricordato come il sistema pubblico sanitario siciliano presenti \u201cpunti di eccellenza significativi\u201d, ma ha invitato a non avere pregiudizi nei confronti della sanit\u00e0 privata. \u201cLa nuova sanit\u00e0 dovr\u00e0 guardare senza riserve al privato convenzionato, nella consapevolezza che l\u2019assistenza sanitaria costituisce una pubblica funzione, al di l\u00e0 del soggetto che la eroga, sia pubblico che privato\u201d. <br \/>Tanti i temi e le promesse del neogovernatore. Dalle \u201criforme strategiche per rendere pi\u00f9 efficiente la macchina burocratica e decisionale sulle autorizzazioni\u201d alla \u201crazionalizzazione della spesa regionale, cosi come ci viene richiesto dalla Corte dei Conti\u201d. Al Ponte sullo Stretto che definisce \u201cun\u2019opera strategica\u201d e per la quale ringrazia il ministro delle Infrastrutture Matteo Salvini. \u201cSi parte col piede giusto \u2013 ha detto Schifani \u2013 Abbiamo creato un tavolo tecnico fra Sicilia e Calabria. Siamo convinti che quest\u2019opera sar\u00e0 realizzata\u201d. <br \/>E ancora, la lotta alla corruzione negli uffici della Regione, attraverso la rotazione del personale \u2013 \u201cOccorrer\u00e0 razionalizzare la gestione delle procedure di valutazione ambientale, al fine di migliorare progressivamente il rapporto tra istanze procedibili, provvedimenti emanati e i tempi di svolgimento delle procedure medesime\u201d.  <br \/>Un capitolo importante \u00e8 dedicato ai conti della Sicilia. \u201cNonostante gli enormi sforzi compiuti, permangono ancora gravi problemi finanziari aggravati dalla difficile situazione economica e sociale causata dagli ultimi anni di emergenza sanitaria \u2013 ha avvertito il neo presidente della Regione \u2013 . E\u2019 necessario l\u2019avvio di un nuovo, serio confronto con lo Stato, per trovare definitive soluzioni ad alcune problematiche non pi\u00f9 rinviabili, senza le quali, anche alla luce dei recenti atti istruttori della Corte dei Conti in sede di giudizio di parifica del Rendiconto 2020, diventa concreto il rischio di blocco dell\u2019azione del Governo regionale\u201d. <br \/>Schifani ha promesso di mettere al centro della sua agenda la lotta  al disagio sociale e alla povert\u00e0, mirando alla sostituzione del reddito di cittadinanza con la dignit\u00e0 del lavoro regolare. <br \/>E\u2019 tornato sulla vertenza Lukoil, dicendosi pronto a collaborare con Roma \u201cOggi il Consiglio dei ministri decreter\u00e0 una soluzione tampone, provvisoria, quella dell\u2019amministrazione fiduciaria per impedire il blocco delle macchine e dell\u2019attivit\u00e0 e le conseguenti catastrofi occupazionali. E\u2019 una soluzione importante che consentir\u00e0 eventualmente la vendita della Lukoil. Ma, in assenza di possibili acquirenti, non si pu\u00f2 escludere la nazionalizzazione come \u00e8 avvenuta in Germania. Vigileremo e faremo la nostra parte\u201d. <br \/>Quanto all\u2019emergenza rifiuti, Schifani \u00e8 tornato sul tema dei termovalorizzatori, da realizzare \u201cuno nella parte occidentale e uno in quella orientale\u201d. \u201cChiederemo al governo nazionale l\u2019approvazione della cosiddetta \u2018norma Gualtier\u00ec, voluta per Roma, che consenta anche ai sindaci delle due citt\u00e0 metropolitane coinvolte, di avere poteri speciali idonei a sveltire le procedure. E\u2019 vergognoso sperperare denaro pubblico per trasportare rifiuti all\u2019estero\u201d, ha detto il governatore. <br \/>foto ufficio stampa Regione siciliana<br \/>(ITALPRESS).<div id=\"div-gpt-ad-Messinaoggi.it-DSK-300x250-corpoart\" style=\"text-align:center;margin:0 auto;\"><\/div><\/p>\n<\/div>\n<div id=\"videoincontent\" style=\"clear:both\";><\/div>","protected":false},"excerpt":{"rendered":"<p>PALERMO (ITALPRESS) \u2013 Ha detto \u201cdi guardare senza riserve al privato convenzionato, sia ospedaliero che diagnostico\u201d per \u201cabbattere le inaccettabili liste di attesa\u201d, ma ha chiesto scusa alla mamma di una bambina di otto anni malata di tumore, che \u00e8 stata costretta a rivolgersi ai privati per far curare la figlioletta. Ha promesso la rotazione [&hellip;]<\/p>\n","protected":false},"author":18,"featured_media":132352,"comment_status":"closed","ping_status":"closed","sticky":false,"template":"","format":"standard","meta":{"ub_ctt_via":"","_mi_skip_tracking":false},"categories":[2449],"tags":[783],"featured_image_src":"https:\/\/www.messinaoggi.it\/website\/wp-content\/uploads\/2022\/12\/20221201_2120.jpg","author_info":{"display_name":"Admin","author_link":"https:\/\/www.messinaoggi.it\/website\/author\/admin\/"},"digistream_id":0,"digistream":false,"_links":{"self":[{"href":"https:\/\/www.messinaoggi.it\/website\/wp-json\/wp\/v2\/posts\/132351"}],"collection":[{"href":"https:\/\/www.messinaoggi.it\/website\/wp-json\/wp\/v2\/posts"}],"about":[{"href":"https:\/\/www.messinaoggi.it\/website\/wp-json\/wp\/v2\/types\/post"}],"author":[{"embeddable":true,"href":"https:\/\/www.messinaoggi.it\/website\/wp-json\/wp\/v2\/users\/18"}],"replies":[{"embeddable":true,"href":"https:\/\/www.messinaoggi.it\/website\/wp-json\/wp\/v2\/comments?post=132351"}],"version-history":[{"count":0,"href":"https:\/\/www.messinaoggi.it\/website\/wp-json\/wp\/v2\/posts\/132351\/revisions"}],"wp:featuredmedia":[{"embeddable":true,"href":"https:\/\/www.messinaoggi.it\/website\/wp-json\/wp\/v2\/media\/132352"}],"wp:attachment":[{"href":"https:\/\/www.messinaoggi.it\/website\/wp-json\/wp\/v2\/media?parent=132351"}],"wp:term":[{"taxonomy":"category","embeddable":true,"href":"https:\/\/www.messinaoggi.it\/website\/wp-json\/wp\/v2\/categories?post=132351"},{"taxonomy":"post_tag","embeddable":true,"href":"https:\/\/www.messinaoggi.it\/website\/wp-json\/wp\/v2\/tags?post=132351"}],"curies":[{"name":"wp","href":"https:\/\/api.w.org\/{rel}","templated":true}]}}