{"id":132349,"date":"2022-12-01T17:07:58","date_gmt":"2022-12-01T16:07:58","guid":{"rendered":"https:\/\/www.messinaoggi.it\/website\/2022\/12\/01\/italpress-incontra-il-mondo-dello-sport-nella-nuova-sede-di-milano\/"},"modified":"2022-12-01T17:07:58","modified_gmt":"2022-12-01T16:07:58","slug":"italpress-incontra-il-mondo-dello-sport-nella-nuova-sede-di-milano","status":"publish","type":"post","link":"https:\/\/www.messinaoggi.it\/website\/2022\/12\/01\/italpress-incontra-il-mondo-dello-sport-nella-nuova-sede-di-milano\/","title":{"rendered":"Italpress incontra il mondo dello sport nella nuova sede di Milano"},"content":{"rendered":"<div>MILANO (ITALPRESS) &#8211; Italpress incontra il mondo dello sport nella nuova sede di Milano dell&#8217;agenzia di stampa fondata da Gaspare Borsellino. In corso di Porta Vittoria, nel cuore del capoluogo meneghino, il direttore responsabile Borsellino, insieme al direttore editoriale Italo Cucci, hanno accolto il presidente del Coni e della Fondazione Milano-Cortina Giovanni Malag\u00f2 e il sottosegretario con delega allo Sport della Regione Lombardia ed ex olimpionico di canoa Antonio Rossi. <br \/>&#8220;Italpress nasce come agenzia sportiva e lo sport \u00e8 sempre stato il nostro core business&#8221; ha dichiarato Gaspare Borsellino. &#8220;Per questo, mentre l&#8217;agenzia cresce a 360 gradi con progetti multimediali di primissimo piano e con 120 tv e 370 siti nostri partner che rilanciano e danno grandissima visibilit\u00e0 ai nostri contenuti, l&#8217;attenzione verso lo sport e il mondo sportivo rimane altissimo. La Stella d&#8217;oro al merito sportivo che ci \u00e8 stata conferita proprio nelle scorse settimane, \u00e8 la dimostrazione dell&#8217;apprezzamento del nostro lavoro e ci rende molto orgogliosi&#8221;. <br \/>Per Italo Cucci &#8220;la nuova sede di Milano, dopo quella di Roma, rappresenta un ulteriore tassello di crescita della nostra azienda editoriale proprio in un momento di difficolt\u00e0 del settore&#8221;. <br \/>&#8220;Oggi il problema non \u00e8 leggere le notizie, ma distinguerle. Italpress \u00e8 molto sul pezzo, \u00e8 multidisciplinare, ha una sensibilit\u00e0 meno speculativa e questo fa onore perch\u00e8 alla lunga \u00e8 una politica che premia molto&#8221; le parole del numero uno del Coni Giovanni Malag\u00f2.<br \/>&#8220;Italpress \u00e8 un&#8217;agenzia molto importante, mi fa piacere che apra a Milano, anche perch\u00e8 gli obiettivi dello sport lombardo sono molto importanti per i prossimi anni, e penso alle Olimpiadi del 2026 ma anche ai Giochi Giovanili del 2028 che probabilmente arriveranno in Valtellina. L&#8217;organizzazione di grandi eventi e i risultati degli atleti sono importanti, ma lo \u00e8 anche chi racconta queste imprese. C&#8217;\u00e8 tanto da fare assieme&#8221; ha detto Antonio Rossi.<br \/>Presenti all&#8217;incontro anche il presidente del Coni Lombardia Marco Riva, il presidente della Lega di Serie B Mauro Balata con <br \/>il responsabile gestione e controllo Edoardo Busala, l&#8217;amministratore di Rcs e presidente del Torino Urbano Cairo, l&#8217;ad dell&#8217;Inter Beppe Marotta, il responsabile delle relazioni esterne della Juventus Claudio Albanese, l&#8217;ex tecnico oggi commentatore tv Fabio Capello, il presidente di Aci Milano Geronino La Russa, il presidente della LND Lombardia Carlo Tavecchio, il presidente della Federazione italiana Sci nautico e Wakeboard Luciano Serafica, il direttore della comunicazione di Milano-Cortina Andrea Monti con Luca Casassa, il capo ufficio stampa della Lega di serie A Tiziano Mauri, il presidente della FICTS Franco Ascani, la giornalista e conduttrice Paola Severini Melograni.<br \/>&#8220;Italpress \u00e8 una voce autorevolissima, da oggi in una sede di grande prestigio, che attesta una crescita esponenziale di un&#8217;agenzia di stampa che sa raccontare come pochi la realt\u00e0 sportive e calcistica&#8221; ha commentato il numero uno della Lega di serie B Mauro Balata. <br \/>&#8220;Complimenti a Italpress, so che fa un grande lavoro in profondit\u00e0. Il fatto che si aprano nuove redazioni \u00e8 una buonissima notizia, quindi in bocca al lupo a Italpress che sta facendo un buonissimo lavoro in tutta Italia&#8221; ha detto Urbano Cairo, presidente del Torino e di Rcs Media Group. <br \/>&#8220;Italpress \u00e8 un&#8217;agenzia puntuale e corretta nell&#8217;informazione, che diventa anche un importante strumento di lavoro per tutti, compreso anche noi manager delle societ\u00e0 calcistiche. Da parte mia un plauso alla direzione e ai componenti dello staff&#8221; ha detto l&#8217;ad dell&#8217;Inter Beppe Marotta.<br \/>&#8220;Italpress \u00e8 una voce autorevolissima, da oggi in una sede di grande prestigio, che attesta una crescita esponenziale di un&#8217;agenzia che sa raccontare come pochi la realt\u00e0 sportiva e calcistica&#8221; il commento di Fabio Capello.<br \/>Foto Italpress<br \/>(ITALPRESS).<\/div>\n<div id=\"div-gpt-ad-Messinaoggi.it-DSK-300x250-corpoart\" style=\"text-align:center;margin:0 auto;\"><\/div><\/p><div id=\"videoincontent\" style=\"clear:both\";><\/div>","protected":false},"excerpt":{"rendered":"<p>MILANO (ITALPRESS) &#8211; Italpress incontra il mondo dello sport nella nuova sede di Milano dell&#8217;agenzia di stampa fondata da Gaspare Borsellino. In corso di Porta Vittoria, nel cuore del capoluogo meneghino, il direttore responsabile Borsellino, insieme al direttore editoriale Italo Cucci, hanno accolto il presidente del Coni e della Fondazione Milano-Cortina Giovanni Malag\u00f2 e il [&hellip;]<\/p>\n","protected":false},"author":18,"featured_media":132350,"comment_status":"closed","ping_status":"closed","sticky":false,"template":"","format":"standard","meta":{"ub_ctt_via":"","_mi_skip_tracking":false},"categories":[446],"tags":[783],"featured_image_src":"https:\/\/www.messinaoggi.it\/website\/wp-content\/uploads\/2022\/12\/20221201_1878.jpg","author_info":{"display_name":"Admin","author_link":"https:\/\/www.messinaoggi.it\/website\/author\/admin\/"},"digistream_id":0,"digistream":false,"_links":{"self":[{"href":"https:\/\/www.messinaoggi.it\/website\/wp-json\/wp\/v2\/posts\/132349"}],"collection":[{"href":"https:\/\/www.messinaoggi.it\/website\/wp-json\/wp\/v2\/posts"}],"about":[{"href":"https:\/\/www.messinaoggi.it\/website\/wp-json\/wp\/v2\/types\/post"}],"author":[{"embeddable":true,"href":"https:\/\/www.messinaoggi.it\/website\/wp-json\/wp\/v2\/users\/18"}],"replies":[{"embeddable":true,"href":"https:\/\/www.messinaoggi.it\/website\/wp-json\/wp\/v2\/comments?post=132349"}],"version-history":[{"count":0,"href":"https:\/\/www.messinaoggi.it\/website\/wp-json\/wp\/v2\/posts\/132349\/revisions"}],"wp:featuredmedia":[{"embeddable":true,"href":"https:\/\/www.messinaoggi.it\/website\/wp-json\/wp\/v2\/media\/132350"}],"wp:attachment":[{"href":"https:\/\/www.messinaoggi.it\/website\/wp-json\/wp\/v2\/media?parent=132349"}],"wp:term":[{"taxonomy":"category","embeddable":true,"href":"https:\/\/www.messinaoggi.it\/website\/wp-json\/wp\/v2\/categories?post=132349"},{"taxonomy":"post_tag","embeddable":true,"href":"https:\/\/www.messinaoggi.it\/website\/wp-json\/wp\/v2\/tags?post=132349"}],"curies":[{"name":"wp","href":"https:\/\/api.w.org\/{rel}","templated":true}]}}