{"id":132343,"date":"2022-12-01T17:07:54","date_gmt":"2022-12-01T16:07:54","guid":{"rendered":"https:\/\/www.messinaoggi.it\/website\/2022\/12\/01\/malago-in-periodo-covid-bisognava-riallineare-costi-e-ricavi\/"},"modified":"2022-12-01T17:07:54","modified_gmt":"2022-12-01T16:07:54","slug":"malago-in-periodo-covid-bisognava-riallineare-costi-e-ricavi","status":"publish","type":"post","link":"https:\/\/www.messinaoggi.it\/website\/2022\/12\/01\/malago-in-periodo-covid-bisognava-riallineare-costi-e-ricavi\/","title":{"rendered":"Malag\u00f2 \u201cIn periodo covid bisognava riallineare costi e ricavi\u201d"},"content":{"rendered":"<div>MILANO (ITALPRESS) &#8211; &#8220;Non troppo tempo fa, nel pieno del disastro<br \/>del covid, esternai una mia opinione che alcuni non condivisero.<br \/>Dissi &#8216;\u00e8 fondamentale che si riprenda a giocar\u00e8, ma dissi da<br \/>imprenditore che se non avessimo approfittato di questo momento<br \/>per resettare tutto e rivedere quello che \u00e8 un problema<br \/>strutturale, avremmo, nella disgrazia, perso una grandissima<br \/>opportunit\u00e0. E quello era il momento giusto per riposizionare<br \/>certi allineamenti dei costi rispetto ai ricavi&#8221;. Lo ha dichiarato il presidente del Coni Giovanni Malag\u00f2 a margine dell&#8217;incontro dell&#8217;agenzia di stampa Italpress con il mondo dello sport, nella nuova sede di Milano, rispondendo a una domanda sulla situazione della Juventus, allargando il discorso in generale sul mondo del calcio. &#8220;Si \u00e8 deciso in un altro modo, per me oggi si continua a rinviare un problema che pu\u00f2 risuccedere e quando \u00e8 cos\u00ec bisogna intervenire&#8221;.<br \/>Il numero uno del Coni ha anche voluto ricordare Davide Rebellin:&#8221;Adesso dobbiamo pensare a quello che \u00e8 successo. E&#8217; la 103esima vittima di quest&#8217;anno. Sono numeri impressionanti. Al di l\u00e0 della sua storia sportiva, era una persona che interpretava la bicicletta come strumento di lavoro, ma anche come luogo di gioia. Questo mi provoca ulteriore tristezza. Un abbraccio Davide&#8221;. <br \/>&#8211; foto Italpress &#8211; <br \/>(ITALPRESS).<\/div>\n<div id=\"div-gpt-ad-Messinaoggi.it-DSK-300x250-corpoart\" style=\"text-align:center;margin:0 auto;\"><\/div><\/p><div id=\"videoincontent\" style=\"clear:both\";><\/div>","protected":false},"excerpt":{"rendered":"<p>MILANO (ITALPRESS) &#8211; &#8220;Non troppo tempo fa, nel pieno del disastrodel covid, esternai una mia opinione che alcuni non condivisero.Dissi &#8216;\u00e8 fondamentale che si riprenda a giocar\u00e8, ma dissi daimprenditore che se non avessimo approfittato di questo momentoper resettare tutto e rivedere quello che \u00e8 un problemastrutturale, avremmo, nella disgrazia, perso una grandissimaopportunit\u00e0. E quello [&hellip;]<\/p>\n","protected":false},"author":18,"featured_media":132344,"comment_status":"closed","ping_status":"closed","sticky":false,"template":"","format":"standard","meta":{"ub_ctt_via":"","_mi_skip_tracking":false},"categories":[446],"tags":[783],"featured_image_src":"https:\/\/www.messinaoggi.it\/website\/wp-content\/uploads\/2022\/12\/20221201_1827.jpg","author_info":{"display_name":"Admin","author_link":"https:\/\/www.messinaoggi.it\/website\/author\/admin\/"},"digistream_id":0,"digistream":false,"_links":{"self":[{"href":"https:\/\/www.messinaoggi.it\/website\/wp-json\/wp\/v2\/posts\/132343"}],"collection":[{"href":"https:\/\/www.messinaoggi.it\/website\/wp-json\/wp\/v2\/posts"}],"about":[{"href":"https:\/\/www.messinaoggi.it\/website\/wp-json\/wp\/v2\/types\/post"}],"author":[{"embeddable":true,"href":"https:\/\/www.messinaoggi.it\/website\/wp-json\/wp\/v2\/users\/18"}],"replies":[{"embeddable":true,"href":"https:\/\/www.messinaoggi.it\/website\/wp-json\/wp\/v2\/comments?post=132343"}],"version-history":[{"count":0,"href":"https:\/\/www.messinaoggi.it\/website\/wp-json\/wp\/v2\/posts\/132343\/revisions"}],"wp:featuredmedia":[{"embeddable":true,"href":"https:\/\/www.messinaoggi.it\/website\/wp-json\/wp\/v2\/media\/132344"}],"wp:attachment":[{"href":"https:\/\/www.messinaoggi.it\/website\/wp-json\/wp\/v2\/media?parent=132343"}],"wp:term":[{"taxonomy":"category","embeddable":true,"href":"https:\/\/www.messinaoggi.it\/website\/wp-json\/wp\/v2\/categories?post=132343"},{"taxonomy":"post_tag","embeddable":true,"href":"https:\/\/www.messinaoggi.it\/website\/wp-json\/wp\/v2\/tags?post=132343"}],"curies":[{"name":"wp","href":"https:\/\/api.w.org\/{rel}","templated":true}]}}