{"id":13232,"date":"2017-12-18T09:58:32","date_gmt":"2017-12-18T08:58:32","guid":{"rendered":"http:\/\/www.messinaoggi.it\/website\/?p=13232"},"modified":"2017-12-18T09:58:32","modified_gmt":"2017-12-18T08:58:32","slug":"natale-a-cairoli-caliri-incanta-con-il-risotto-al-plancton","status":"publish","type":"post","link":"https:\/\/www.messinaoggi.it\/website\/2017\/12\/18\/natale-a-cairoli-caliri-incanta-con-il-risotto-al-plancton\/","title":{"rendered":"Natale a Cairoli: Caliri &quot;incanta&quot; con il risotto al plancton"},"content":{"rendered":"<p class=\"p1\"><span class=\"s1\">Secondo giorno di show coking all\u2019interno del Laboratorio del Gusto nel Villaggio di Natale di piazza Cairoli. Lo chef del giorno \u00e8 stato Pasquale Caliri, del prestigioso ristorante della Marina del Nettuno. Caliri ha presentato due piatti molto particolari come il risotto al plancton e il flan di gelato con pezzi di panettone. \u201cHo proposto un abbinamento particolare \u2013 ha dichiarato lo chef \u2013 il risotto al placton \u00e8 una pietanza che ha un forte sapore di mare, ma che \u00e8 sicuramente molto particolare da gustare. Il flan invece nasce come cucina da riciclo, un dolce molto semplice che pu\u00f2 essere fatto con il panettone avanzato dalla sera prima\u201d. L\u2019uomo faber del giorno invece \u00e8 stato invece Dario Rifici, titolare della Pasticceria Calascione, famosa soprattutto per la bont\u00e0 dei suoi lul\u00f9. A gustare i piatti dello chef Pasquale Caliri non solo i tanti cittadini che si sono accomodati all\u2019interno della struttura, ma anche una giuria d\u2019eccezione formata dal sindaco, Renato Accoirinti, dal Capo dell\u2019Ufficio di Gabinetto del Comune di Messina, Loredana Carrara, dal sindacalista della Uil, Pasquale De Vardo, dal presidente di Confcommercio Messina, Carmelo Picciotto, Maria Grazia Celona della Confcommercio Messina, Sabrina Assenzio, resp. Socio-culturale Confcommercio Messina e Francesco Fabiano del Farc.<\/span><div id=\"div-gpt-ad-Messinaoggi.it-DSK-300x250-corpoart\" style=\"text-align:center;margin:0 auto;\"><\/div><\/p>\n<p class=\"p1\"><span class=\"s1\"><img loading=\"lazy\" class=\"size-medium wp-image-13234 alignright\" src=\"http:\/\/www.messinaoggi.it\/website\/wp-content\/uploads\/2017\/12\/IMG_2519-300x225.jpg\" alt=\"\" width=\"300\" height=\"225\" \/> Il primo cittadino ha sottolineato: \u201cE\u2019 importante fare rete, in questo stand si valorizza il gusto, abbiamo una tradizione culinaria importante di cui andare fieri\u201d. Il presidente di Confcommercio Messina, Carmelo Picciotto ha dichiarato: \u201cAmministrazione e privati si sono uniti per fare qualcosa di unico ed importante. Tocca agli amministratori creare politiche chi produce e vende prodotti locali sia tutelato\u201d. A servire i piatti e ad aiutare chef Caliri nella preparazione, sono stati i ragazzi dell\u2019Istituto alberghiero \u201cAntonello\u201d, guidati dal docente Luigi La Corte. Mattatore della serata il sommelier Roberto Raciti che ai piatti ha abbinato due vini tipici siciliani. Si tratta del Marino dell\u2019Etna, un vno bianco Doc prodotto dalle Cantine Patria, ma anche il Vinerello mascalese, un vino spumantizzato ros\u00e8, sempre delle Cantine Patria. Ieri \u00e8 stato, inoltre, inaugurato ufficialmente il presepe realizzato da\u00a0Sebastiano Madafferi, alla presenza del sindaco Renanto Accorinti e del presidente di Confcommercio, Carmelo Picciotto. Il presepe ha un\u2019estensione di 88 metri quadrati ed \u00e8 composta da 2.937 pezzi. All\u2019inaugurazione sar\u00e0 presente il presidente di Confcommercio Carmelo Picciotto.<\/span><div id=\"videoincontent\" style=\"clear:both\";><\/div><\/p>\n<p class=\"p1\"><span class=\"s1\"><b>Programma di oggi<\/b><\/span><\/p>\n<p class=\"p1\"><span class=\"s1\">Ore 17,00 -Presso lo stand socio-culturale l\u2019associazione ASLA effettuer\u00e0 una raccolta fondi attraverso l\u2019esposizione di oggetti fatti da persone diversamente abili.<\/span><\/p>\n<p class=\"p1\"><span class=\"s1\">Ore 18,00 -Inaugurazione pista di ghiaccio<\/span><\/p>\n<p class=\"p1\"><span class=\"s1\">Ore 19,00 &#8211; Terza giornata dello show coking al Laboratorio del Gusto. Lo chef pasticcere Lillo Freni presenter\u00e0 in esclusiva il proprio torrone gelato . Uomo Faber., Francesco Arena, titolare dello storico Panificio.<\/span><\/p>\n","protected":false},"excerpt":{"rendered":"<p>Secondo giorno di show coking all\u2019interno del Laboratorio del Gusto nel Villaggio di Natale di piazza Cairoli. Lo chef del giorno \u00e8 stato Pasquale Caliri, del prestigioso ristorante della Marina del Nettuno. Caliri ha presentato due piatti molto particolari come il risotto al plancton e il flan di gelato con pezzi di panettone. \u201cHo proposto [&hellip;]<\/p>\n","protected":false},"author":2,"featured_media":13233,"comment_status":"closed","ping_status":"open","sticky":false,"template":"","format":"standard","meta":{"ub_ctt_via":"","_mi_skip_tracking":false},"categories":[6],"tags":[],"featured_image_src":"https:\/\/www.messinaoggi.it\/website\/wp-content\/uploads\/2017\/12\/IMG_2518.jpg","author_info":{"display_name":"Redazione","author_link":"https:\/\/www.messinaoggi.it\/website\/author\/redazione\/"},"digistream_id":0,"digistream":false,"_links":{"self":[{"href":"https:\/\/www.messinaoggi.it\/website\/wp-json\/wp\/v2\/posts\/13232"}],"collection":[{"href":"https:\/\/www.messinaoggi.it\/website\/wp-json\/wp\/v2\/posts"}],"about":[{"href":"https:\/\/www.messinaoggi.it\/website\/wp-json\/wp\/v2\/types\/post"}],"author":[{"embeddable":true,"href":"https:\/\/www.messinaoggi.it\/website\/wp-json\/wp\/v2\/users\/2"}],"replies":[{"embeddable":true,"href":"https:\/\/www.messinaoggi.it\/website\/wp-json\/wp\/v2\/comments?post=13232"}],"version-history":[{"count":0,"href":"https:\/\/www.messinaoggi.it\/website\/wp-json\/wp\/v2\/posts\/13232\/revisions"}],"wp:featuredmedia":[{"embeddable":true,"href":"https:\/\/www.messinaoggi.it\/website\/wp-json\/wp\/v2\/media\/13233"}],"wp:attachment":[{"href":"https:\/\/www.messinaoggi.it\/website\/wp-json\/wp\/v2\/media?parent=13232"}],"wp:term":[{"taxonomy":"category","embeddable":true,"href":"https:\/\/www.messinaoggi.it\/website\/wp-json\/wp\/v2\/categories?post=13232"},{"taxonomy":"post_tag","embeddable":true,"href":"https:\/\/www.messinaoggi.it\/website\/wp-json\/wp\/v2\/tags?post=13232"}],"curies":[{"name":"wp","href":"https:\/\/api.w.org\/{rel}","templated":true}]}}