{"id":132312,"date":"2022-12-01T16:07:52","date_gmt":"2022-12-01T15:07:52","guid":{"rendered":"https:\/\/www.messinaoggi.it\/website\/2022\/12\/01\/toshiba-germano-app-e-domotica-per-gestire-i-consumi-energetici\/"},"modified":"2022-12-01T16:07:52","modified_gmt":"2022-12-01T15:07:52","slug":"toshiba-germano-app-e-domotica-per-gestire-i-consumi-energetici","status":"publish","type":"post","link":"https:\/\/www.messinaoggi.it\/website\/2022\/12\/01\/toshiba-germano-app-e-domotica-per-gestire-i-consumi-energetici\/","title":{"rendered":"Toshiba, German\u00f2 \u201cApp e domotica per gestire i consumi energetici\u201d"},"content":{"rendered":"<div>ROMA (ITALPRESS) &#8211; &#8220;Stiamo andando in una direzione di rinnovamento di quello che \u00e8 il nostro parco installato, sicuramente la direzione \u00e8 quella di rinnovare quanto pi\u00f9 possibile quello che era e poi dare un&#8217;impronta differente a ci\u00f2 che sar\u00e0. Ma il cambiamento \u00e8 partito gi\u00e0 qualche anno fa, le opportunit\u00e0 legate al Superbonus e ad altri bonus&#8221; precedenti &#8220;hanno agevolato&#8221;. Cos\u00ec Domenico German\u00f2, Business Development Toshiba Italia, in un&#8217;intervista all&#8217;Agenzia Italpress. Sull&#8217;efficienza energetica &#8220;sicuramente gli interventi che si andranno a fare avranno sempre la doppia faccia legata molto all&#8217;involucro, dove tutti i nostri clienti ma tutti i cittadini dovranno pensare sempre a migliorare l&#8217;efficienza energetica della parte passiva, riducendo il fabbisogno della struttura in termini di riscaldamento, raffreddamento e acqua calda sanitaria; poi c&#8217;\u00e8 la parte impiantistica dove noi siamo molto coinvolti che deve rispondere in modo adeguato a questo fabbisogno che si deve ridurre ma va soddisfatto in modo adeguato&#8221;. <br \/>Un consiglio che German\u00f2 d\u00e0 alle famiglie \u00e8 quello di &#8220;informarsi quanto pi\u00f9 possibile con dei professionisti di settore &#8211; prosegue &#8211; \u00e8 importante capire quali sono gli interventi da dover effettuare e le opportunit\u00e0 da poter cogliere per la struttura, \u00e8 importante non affidarsi alle voci di popolo ma avere dei professionisti che possono dare supporto per fornire la soluzione migliore&#8221;. <br \/>Sugli aumenti di consumi relativi a pallet e legna da ardere, sottolinea come questo sia un &#8220;effetto legato al panico, abbiamo visto che l&#8217;elettricit\u00e0 e il gas metano \u00e8 cresciuto in maniera importante, ma \u00e8 un effetto panico che consiglio di gestire nella maniera corretta. Il pellet \u00e8 quasi triplicato nei suoi costi e anche la biomassa ha subito incrementi importanti. La soluzione \u00e8 ragionare e pensare a investimenti a lungo termine, quindi efficientando l&#8217;abitazione, pensare a cappotti o infissi che sappiamo tutti essere onerosi, ma questo \u00e8 il momento giusto perch\u00e8 qualche opportunit\u00e0 c&#8217;\u00e8&#8221;. <br \/>&#8220;I nostri sistemi sono come una vettura, esiste un buon motore ma esiste anche una corretta gestione, insieme ne fanno l&#8217;efficienza. Noi mettiamo in campo dei sistemi dal punto di vista meccanico molto efficienti, pensiamo in maniera molto spinta anche alla corretta gestione della parte energetica che per noi \u00e8 molto importante, gestione tramite app o domotica che tiene conto delle esigenze del cliente e adegua in maniera perfetta produzione e consumo&#8221;, conclude.<div id=\"div-gpt-ad-Messinaoggi.it-DSK-300x250-corpoart\" style=\"text-align:center;margin:0 auto;\"><\/div><\/p>\n<p>&#8211; foto Italpress &#8211;<br \/>(ITALPRESS).<\/div>\n<div id=\"videoincontent\" style=\"clear:both\";><\/div>","protected":false},"excerpt":{"rendered":"<p>ROMA (ITALPRESS) &#8211; &#8220;Stiamo andando in una direzione di rinnovamento di quello che \u00e8 il nostro parco installato, sicuramente la direzione \u00e8 quella di rinnovare quanto pi\u00f9 possibile quello che era e poi dare un&#8217;impronta differente a ci\u00f2 che sar\u00e0. Ma il cambiamento \u00e8 partito gi\u00e0 qualche anno fa, le opportunit\u00e0 legate al Superbonus e [&hellip;]<\/p>\n","protected":false},"author":18,"featured_media":132313,"comment_status":"closed","ping_status":"closed","sticky":false,"template":"","format":"standard","meta":{"ub_ctt_via":"","_mi_skip_tracking":false},"categories":[446],"tags":[783],"featured_image_src":"https:\/\/www.messinaoggi.it\/website\/wp-content\/uploads\/2022\/12\/20221201_0861.jpg","author_info":{"display_name":"Admin","author_link":"https:\/\/www.messinaoggi.it\/website\/author\/admin\/"},"digistream_id":0,"digistream":false,"_links":{"self":[{"href":"https:\/\/www.messinaoggi.it\/website\/wp-json\/wp\/v2\/posts\/132312"}],"collection":[{"href":"https:\/\/www.messinaoggi.it\/website\/wp-json\/wp\/v2\/posts"}],"about":[{"href":"https:\/\/www.messinaoggi.it\/website\/wp-json\/wp\/v2\/types\/post"}],"author":[{"embeddable":true,"href":"https:\/\/www.messinaoggi.it\/website\/wp-json\/wp\/v2\/users\/18"}],"replies":[{"embeddable":true,"href":"https:\/\/www.messinaoggi.it\/website\/wp-json\/wp\/v2\/comments?post=132312"}],"version-history":[{"count":0,"href":"https:\/\/www.messinaoggi.it\/website\/wp-json\/wp\/v2\/posts\/132312\/revisions"}],"wp:featuredmedia":[{"embeddable":true,"href":"https:\/\/www.messinaoggi.it\/website\/wp-json\/wp\/v2\/media\/132313"}],"wp:attachment":[{"href":"https:\/\/www.messinaoggi.it\/website\/wp-json\/wp\/v2\/media?parent=132312"}],"wp:term":[{"taxonomy":"category","embeddable":true,"href":"https:\/\/www.messinaoggi.it\/website\/wp-json\/wp\/v2\/categories?post=132312"},{"taxonomy":"post_tag","embeddable":true,"href":"https:\/\/www.messinaoggi.it\/website\/wp-json\/wp\/v2\/tags?post=132312"}],"curies":[{"name":"wp","href":"https:\/\/api.w.org\/{rel}","templated":true}]}}