{"id":132269,"date":"2022-12-01T13:07:55","date_gmt":"2022-12-01T12:07:55","guid":{"rendered":"https:\/\/www.messinaoggi.it\/website\/2022\/12\/01\/iren-presenta-12-sfide-per-la-sostenibilita-e-premia-tesi-di-laurea\/"},"modified":"2022-12-01T13:07:55","modified_gmt":"2022-12-01T12:07:55","slug":"iren-presenta-12-sfide-per-la-sostenibilita-e-premia-tesi-di-laurea","status":"publish","type":"post","link":"https:\/\/www.messinaoggi.it\/website\/2022\/12\/01\/iren-presenta-12-sfide-per-la-sostenibilita-e-premia-tesi-di-laurea\/","title":{"rendered":"Iren presenta 12 sfide per la sostenibilit\u00e0 e premia tesi di laurea"},"content":{"rendered":"<div>GENOVA (ITALPRESS) &#8211; &#8220;Il Paese deve cominciare a pensare ai giovani, perch\u00e8 il rilancio di una politica energetica e ambientale passa per i nostri giovani. Noi abbiamo voluto scegliere i migliori&#8221;. Cos\u00ec Luca Dal Fabbro, presidente di Iren, ha presentato oggi la &#8220;Esg Challenge Iren 2023&#8221;, evento internazionale che si tiene a Genova con un focus sulle &#8220;dodici sfide&#8221; proposte dall&#8217;azienda, in linea con l&#8217;Agenda 2030, tra cui individuare quelle pi\u00f9 urgenti e strategici per imprese, istituzioni, mondo della ricerca.<br \/>L&#8217;evento \u00e8 anche la tappa conclusiva del premio Esg Challenge Iren 2023: la societ\u00e0 ha selezionato le 10 migliori tesi che si sono distinte sul tema della sostenibilit\u00e0 e delle sfide ambientali, sociali e di governance, realizzate da studenti laureandi, laureati, dottorandi o dottori di ricerca. Sono state quasi 240 le tesi ricevute dalle universit\u00e0 italiane e dall&#8217;estero. In particolare, gli elaborati pervenuti si suddividono in 27 tesi di dottorato, 65 di laurea triennale, 140 di magistrale o specialistica e 2 provenienti da master. Sono state, invece, 29 le tesi che hanno sviluppato una interrelazione tra i temi ambiente, sociale e governance, il 10% del totale. Le 10 tesi vincitrici sono state premiate con un contributo di mille euro. &#8220;E&#8217; un primo inizio: Iren investe nei fattori Esg e vogliamo ogni anno far incontrare a Genova molti studiosi &#8211; spiega Dal Fabbro -. Oggi c&#8217;\u00e8 gente che viene da Princeton, Tel Aviv, tutta Italia per parlare di questi temi. Vogliamo candidare Genova come piattaforma di discussione per la sostenibilit\u00e0 di tutto il Mediterraneo. E&#8217; un nuovo inizio dopo questi anni difficili, \u00e8 il rilancio di una politica energetica e ambientale fatta di buonsenso, comunit\u00e0 energetiche, collaborazione tra istituzioni e societ\u00e0, regole pi\u00f9 snelle che siano pi\u00f9 veloci e permettano l&#8217;installazione di energie rinnovabili&#8221;.<br \/>Tra i temi al centro dei lavori, l&#8217;economia circolare e l&#8217;attenzione alle risorse naturali, la valorizzazione del capitale umano, la maggiore inclusione dei giovani e dei talenti, l&#8217;importanza di dotarsi di indicatori misurabili che evidenzino l&#8217;efficacia delle scelte intraprese, alla luce di una concezione di sostenibilit\u00e0 intesa come un reale strumento competitivo.<br \/>&#8220;La crisi di questo periodo viene da lontano, una crisi di non scelte o scelte di dipendenza senza alternative da alcune fonti energetiche da alcuni Paesi. Questa \u00e8 una decisione che il continente, non solo l&#8217;Italia, non pu\u00f2 pi\u00f9 permettersi &#8211; ha commentato l&#8217;amministratore delegato di Iren Gianni Vittorio Armani -. La scelta di sostenibilit\u00e0 \u00e8 anche una scelta di indipendenza. Purtroppo questa crisi molto profonda richieder\u00e0 due-tre anni per poter ristabilizzare i costi dell&#8217;energia. Alcuni interventi possono essere fatti dal punto di vista normativo e l&#8217;Europa ci sta lavorando: sicuramente il tetto del gas ma anche la negoziazione&#8221;. Solo rinnovabili o anche gas? &#8220;Oggi stiamo consumando lignite e carbone per superare la crisi. Chiaramente la crisi richiede di affrontarla con gli strumenti che abbiamo. Certo il gas \u00e8 assolutamente pi\u00f9 sostenibile comparativamente rispetto a queste soluzioni. Incrementare l&#8217;uso del carbone \u00e8 assolutamente inaccettabile dal punto di vista della sostenibilit\u00e0. Non si tratta di fare scelte assolute, ma scelte relative e concrete. Anche nella scelta della tassonomia includere cum grano salis gli investimenti nel gas \u00e8 quello che consente di evitare il ripetersi della crisi&#8221;.<br \/>&#8220;Il Next Generation Eu \u00e8 stata un&#8217;opportunit\u00e0 per riprendersi dalla recessione causata dalla pandemia e la rivoluzione verde \u00e8 una strategia italiana per dare possibilit\u00e0 di riconversione ma soprattutto di andare verso una nuova crescita sostenibile &#8211; ha commentato la viceministra dell&#8217;Ambiente Vannia Gava, intervenuta in collegamento -. Abbiamo messo fondi per la decarbonizzazione dell&#8217;industria, per i processi di transizione energetica e per l&#8217;innovazione, ma sullo stesso binario anche provvedimenti di semplificazione e tagli delle tempistiche&#8221;.<br \/>&#8220;La sfida ambientale \u00e8 parte della soluzione e parte della sfida che abbiamo davanti. I termovalorizzatori, la capacit\u00e0 di produrre metanolo dall&#8217;idrogeno, i combustibili sono sfide complesse ma anche un&#8217;opportunit\u00e0 che non possiamo farci sfuggire &#8211; ha commentato in collegamento video il presidente ligure Giovanni Toti -. Il prossimo anno lo vedo bene: passeremo ancora alcuni mesi in trincea, ma serviranno a programmare il balzo in avanti che spero si possa fare nel 2024. Le condizioni per fare bene ci sono tutte&#8221;.<br \/>-foto xa8-<br \/>(ITALPRESS).<\/div>\n<div id=\"div-gpt-ad-Messinaoggi.it-DSK-300x250-corpoart\" style=\"text-align:center;margin:0 auto;\"><\/div><\/p><div id=\"videoincontent\" style=\"clear:both\";><\/div>","protected":false},"excerpt":{"rendered":"<p>GENOVA (ITALPRESS) &#8211; &#8220;Il Paese deve cominciare a pensare ai giovani, perch\u00e8 il rilancio di una politica energetica e ambientale passa per i nostri giovani. Noi abbiamo voluto scegliere i migliori&#8221;. Cos\u00ec Luca Dal Fabbro, presidente di Iren, ha presentato oggi la &#8220;Esg Challenge Iren 2023&#8221;, evento internazionale che si tiene a Genova con un [&hellip;]<\/p>\n","protected":false},"author":18,"featured_media":132270,"comment_status":"closed","ping_status":"closed","sticky":false,"template":"","format":"standard","meta":{"ub_ctt_via":"","_mi_skip_tracking":false},"categories":[446],"tags":[783],"featured_image_src":"https:\/\/www.messinaoggi.it\/website\/wp-content\/uploads\/2022\/12\/20221201_0514.jpg","author_info":{"display_name":"Admin","author_link":"https:\/\/www.messinaoggi.it\/website\/author\/admin\/"},"digistream_id":0,"digistream":false,"_links":{"self":[{"href":"https:\/\/www.messinaoggi.it\/website\/wp-json\/wp\/v2\/posts\/132269"}],"collection":[{"href":"https:\/\/www.messinaoggi.it\/website\/wp-json\/wp\/v2\/posts"}],"about":[{"href":"https:\/\/www.messinaoggi.it\/website\/wp-json\/wp\/v2\/types\/post"}],"author":[{"embeddable":true,"href":"https:\/\/www.messinaoggi.it\/website\/wp-json\/wp\/v2\/users\/18"}],"replies":[{"embeddable":true,"href":"https:\/\/www.messinaoggi.it\/website\/wp-json\/wp\/v2\/comments?post=132269"}],"version-history":[{"count":0,"href":"https:\/\/www.messinaoggi.it\/website\/wp-json\/wp\/v2\/posts\/132269\/revisions"}],"wp:featuredmedia":[{"embeddable":true,"href":"https:\/\/www.messinaoggi.it\/website\/wp-json\/wp\/v2\/media\/132270"}],"wp:attachment":[{"href":"https:\/\/www.messinaoggi.it\/website\/wp-json\/wp\/v2\/media?parent=132269"}],"wp:term":[{"taxonomy":"category","embeddable":true,"href":"https:\/\/www.messinaoggi.it\/website\/wp-json\/wp\/v2\/categories?post=132269"},{"taxonomy":"post_tag","embeddable":true,"href":"https:\/\/www.messinaoggi.it\/website\/wp-json\/wp\/v2\/tags?post=132269"}],"curies":[{"name":"wp","href":"https:\/\/api.w.org\/{rel}","templated":true}]}}