{"id":132267,"date":"2022-12-01T13:07:53","date_gmt":"2022-12-01T12:07:53","guid":{"rendered":"https:\/\/www.messinaoggi.it\/website\/2022\/12\/01\/letta-la-manovra-e-un-inno-allevasione-fiscale\/"},"modified":"2022-12-01T15:54:54","modified_gmt":"2022-12-01T14:54:54","slug":"letta-la-manovra-e-un-inno-allevasione-fiscale","status":"publish","type":"post","link":"https:\/\/www.messinaoggi.it\/website\/2022\/12\/01\/letta-la-manovra-e-un-inno-allevasione-fiscale\/","title":{"rendered":"Letta \u201cLa manovra \u00e8 un inno all\u2019evasione fiscale\u201d"},"content":{"rendered":"<div>ROMA (ITALPRESS) &#8211; &#8220;Da questi due giorni di incontri con le parti sociali usciamo confermati nel nostro giudizio negativo sulla manovra economica del governo&#8221;. Lo ha detto il segretario del Pd Enrico Letta, nel corso di un punto stampa al Nazareno al termine degli incontri con sindacati e associazioni di categoria sulla legge di bilancio.<br \/>&#8220;Una manovra economica senza visione, pi\u00f9 che una legge di bilancio per il 2023 \u00e8 sostanzialmente un decreto aiuti quinquies, cio\u00e8 un altro decreto aiuti che non ha la visione di una legge di bilancio che dura tutto l&#8217;anno &#8211; ha sottolineato Letta -. Una parte importante termina il 31 marzo. E&#8217; una manovra iniqua inadeguata ad affrontare la situazione, soprattutto su inflazione, caro energia e cuneo fiscale&#8221;. Soprattutto sul cuneo fiscale &#8220;la montagna ha partorito il topolino&#8221;, ha proseguito il leader dem, per il quale invece serve &#8220;un intervento shock&#8221;.<br \/>&#8220;Il messaggio veramente pessimo viene dato sull&#8217;evasione fiscale &#8211; ha aggiunto Letta -. La legge di bilancio \u00e8 un inno all&#8217;evasione fiscale, sia sul tema del contante, sia sul tema del Pos. E&#8217; una legge di bilancio che sostanzialmente dice agli italiani che hanno sempre pagato le tasse, che sono la maggioranza, &#8216;l&#8217;agenda fiscale ce la facciamo dettare da coloro che evadono il fisc\u00f2. Credo che questo sia gravissimo. Noi ci vogliamo ribellare e dare voce a chi si ribella a quest&#8217;idea che chi evade le tasse abbia pi\u00f9 voce rispetto a chi le tasse regolarmente le paga&#8221;.<div id=\"div-gpt-ad-Messinaoggi.it-DSK-300x250-corpoart\" style=\"text-align:center;margin:0 auto;\"><\/div><\/p>\n<p>&#8211; foto Agenziafotogramma.it &#8211;<div id=\"videoincontent\" style=\"clear:both\";><\/div><\/p>\n<p>(ITALPRESS).<\/p><\/div>\n","protected":false},"excerpt":{"rendered":"<p>ROMA (ITALPRESS) &#8211; &#8220;Da questi due giorni di incontri con le parti sociali usciamo confermati nel nostro giudizio negativo sulla manovra economica del governo&#8221;. Lo ha detto il segretario del Pd Enrico Letta, nel corso di un punto stampa al Nazareno al termine degli incontri con sindacati e associazioni di categoria sulla legge di bilancio.&#8220;Una [&hellip;]<\/p>\n","protected":false},"author":18,"featured_media":132268,"comment_status":"closed","ping_status":"closed","sticky":false,"template":"","format":"standard","meta":{"ub_ctt_via":"","_mi_skip_tracking":false},"categories":[446,4],"tags":[783],"featured_image_src":"https:\/\/www.messinaoggi.it\/website\/wp-content\/uploads\/2022\/12\/20221201_0407.jpg","author_info":{"display_name":"Admin","author_link":"https:\/\/www.messinaoggi.it\/website\/author\/admin\/"},"digistream_id":0,"digistream":false,"_links":{"self":[{"href":"https:\/\/www.messinaoggi.it\/website\/wp-json\/wp\/v2\/posts\/132267"}],"collection":[{"href":"https:\/\/www.messinaoggi.it\/website\/wp-json\/wp\/v2\/posts"}],"about":[{"href":"https:\/\/www.messinaoggi.it\/website\/wp-json\/wp\/v2\/types\/post"}],"author":[{"embeddable":true,"href":"https:\/\/www.messinaoggi.it\/website\/wp-json\/wp\/v2\/users\/18"}],"replies":[{"embeddable":true,"href":"https:\/\/www.messinaoggi.it\/website\/wp-json\/wp\/v2\/comments?post=132267"}],"version-history":[{"count":1,"href":"https:\/\/www.messinaoggi.it\/website\/wp-json\/wp\/v2\/posts\/132267\/revisions"}],"predecessor-version":[{"id":132307,"href":"https:\/\/www.messinaoggi.it\/website\/wp-json\/wp\/v2\/posts\/132267\/revisions\/132307"}],"wp:featuredmedia":[{"embeddable":true,"href":"https:\/\/www.messinaoggi.it\/website\/wp-json\/wp\/v2\/media\/132268"}],"wp:attachment":[{"href":"https:\/\/www.messinaoggi.it\/website\/wp-json\/wp\/v2\/media?parent=132267"}],"wp:term":[{"taxonomy":"category","embeddable":true,"href":"https:\/\/www.messinaoggi.it\/website\/wp-json\/wp\/v2\/categories?post=132267"},{"taxonomy":"post_tag","embeddable":true,"href":"https:\/\/www.messinaoggi.it\/website\/wp-json\/wp\/v2\/tags?post=132267"}],"curies":[{"name":"wp","href":"https:\/\/api.w.org\/{rel}","templated":true}]}}