{"id":132243,"date":"2022-12-01T11:07:54","date_gmt":"2022-12-01T10:07:54","guid":{"rendered":"https:\/\/www.messinaoggi.it\/website\/2022\/12\/01\/ischia-musumeci-la-frana-ha-coinvolto-900-edifici\/"},"modified":"2022-12-01T11:07:54","modified_gmt":"2022-12-01T10:07:54","slug":"ischia-musumeci-la-frana-ha-coinvolto-900-edifici","status":"publish","type":"post","link":"https:\/\/www.messinaoggi.it\/website\/2022\/12\/01\/ischia-musumeci-la-frana-ha-coinvolto-900-edifici\/","title":{"rendered":"Ischia, Musumeci \u201cLa frana ha coinvolto 900 edifici\u201d"},"content":{"rendered":"<div>ROMA (ITALPRESS) &#8211; &#8220;Rivolgo un pensiero alle vittime di questa ennesima tragedia e rinnovo a nome del governo la vicinanza ai loro familiari e all&#8217;intera comunit\u00e0 ischitana&#8221;. Lo ha detto il ministro per la Protezione civile e le Politiche del mare, Nello Musumeci, alla Camera dei Deputati per l&#8217;informativa urgente sulla frana di Ischia.<br \/>&#8220;Allo stato attuale risultano interessati circa 900 edifici. La situazione aggiornata dell&#8217;attivit\u00e0 di soccorso registra il decesso di 8 persone, 4 dispersi e 5 feriti di cui uno grave e ricoverato al Cardarelli di Napoli &#8211; ha aggiunto il ministro -. Gli eventi hanno portato all&#8217;evacuazione di molte famiglie, all&#8217;isolamento del territorio, al danneggiamento di servizi essenziali e di edifici pubblici e privati. Sono circa 290 le persone sistemate presso strutture alberghiere o presso soluzioni autonomamente individuate&#8221;.<br \/>&#8220;Il bollettino meteo della Regione Campania prevedeva un livello di allerta arancione per rischio idrogeologico per il 25 novembre e anche per il giorno seguente. Le precipitazioni che hanno interessato l&#8217;isola sono state il risultato di una condizione meteorologica che si \u00e8 sviluppata a partire dal 25 novembre&#8221;, ha sottolineato Musumeci.<br \/>&#8220;Nella notte sono caduti oltre cento millimetri di pioggia in due ore, quantit\u00e0 pi\u00f9 che sufficiente per causare quel crollo che si \u00e8 rivelato fatale &#8211; ha aggiunto -. Sin dalle prime ore del 26 novembre scorso il territorio dell&#8217;isola di Ischia \u00e8 stato caratterizzato da fenomeni di grande intensit\u00e0 che hanno provocato frane e allagamenti. Il dispiegamento dei soccorsi \u00e8 stato immediato. Sono intervenute squadre dei vigili del fuoco, non solo gi\u00e0 presenti sull&#8217;isola, un elicottero dell&#8217;Aeronautica e un altro dell&#8217;Esercito, duecento unit\u00e0 delle forze dell&#8217;ordine, il personale dell&#8217;Enel e la colonna mobile della Protezione Civile della Campania. Ed \u00e8 in corso un eventuale concorso nazionale in relazione alle esigenze operative&#8221;.<div id=\"div-gpt-ad-Messinaoggi.it-DSK-300x250-corpoart\" style=\"text-align:center;margin:0 auto;\"><\/div><\/p>\n<p>&#8211; foto Agenziafotogramma.it &#8211;<div id=\"videoincontent\" style=\"clear:both\";><\/div><\/p>\n<p>(ITALPRESS).<\/p><\/div>\n","protected":false},"excerpt":{"rendered":"<p>ROMA (ITALPRESS) &#8211; &#8220;Rivolgo un pensiero alle vittime di questa ennesima tragedia e rinnovo a nome del governo la vicinanza ai loro familiari e all&#8217;intera comunit\u00e0 ischitana&#8221;. Lo ha detto il ministro per la Protezione civile e le Politiche del mare, Nello Musumeci, alla Camera dei Deputati per l&#8217;informativa urgente sulla frana di Ischia.&#8220;Allo stato [&hellip;]<\/p>\n","protected":false},"author":18,"featured_media":132244,"comment_status":"closed","ping_status":"closed","sticky":false,"template":"","format":"standard","meta":{"ub_ctt_via":"","_mi_skip_tracking":false},"categories":[446],"tags":[783],"featured_image_src":"https:\/\/www.messinaoggi.it\/website\/wp-content\/uploads\/2022\/12\/20221201_0218.jpg","author_info":{"display_name":"Admin","author_link":"https:\/\/www.messinaoggi.it\/website\/author\/admin\/"},"digistream_id":0,"digistream":false,"_links":{"self":[{"href":"https:\/\/www.messinaoggi.it\/website\/wp-json\/wp\/v2\/posts\/132243"}],"collection":[{"href":"https:\/\/www.messinaoggi.it\/website\/wp-json\/wp\/v2\/posts"}],"about":[{"href":"https:\/\/www.messinaoggi.it\/website\/wp-json\/wp\/v2\/types\/post"}],"author":[{"embeddable":true,"href":"https:\/\/www.messinaoggi.it\/website\/wp-json\/wp\/v2\/users\/18"}],"replies":[{"embeddable":true,"href":"https:\/\/www.messinaoggi.it\/website\/wp-json\/wp\/v2\/comments?post=132243"}],"version-history":[{"count":0,"href":"https:\/\/www.messinaoggi.it\/website\/wp-json\/wp\/v2\/posts\/132243\/revisions"}],"wp:featuredmedia":[{"embeddable":true,"href":"https:\/\/www.messinaoggi.it\/website\/wp-json\/wp\/v2\/media\/132244"}],"wp:attachment":[{"href":"https:\/\/www.messinaoggi.it\/website\/wp-json\/wp\/v2\/media?parent=132243"}],"wp:term":[{"taxonomy":"category","embeddable":true,"href":"https:\/\/www.messinaoggi.it\/website\/wp-json\/wp\/v2\/categories?post=132243"},{"taxonomy":"post_tag","embeddable":true,"href":"https:\/\/www.messinaoggi.it\/website\/wp-json\/wp\/v2\/tags?post=132243"}],"curies":[{"name":"wp","href":"https:\/\/api.w.org\/{rel}","templated":true}]}}