{"id":132234,"date":"2022-12-01T10:56:40","date_gmt":"2022-12-01T09:56:40","guid":{"rendered":"http:\/\/www.messinaoggi.it\/website\/?p=132234"},"modified":"2022-12-01T10:56:41","modified_gmt":"2022-12-01T09:56:41","slug":"leanza-pd-ripristinare-pediatri-in-zone-disagiate","status":"publish","type":"post","link":"https:\/\/www.messinaoggi.it\/website\/2022\/12\/01\/leanza-pd-ripristinare-pediatri-in-zone-disagiate\/","title":{"rendered":"Leanza (PD): &#8220;ripristinare pediatri in zone disagiate&#8221;"},"content":{"rendered":"\n<p>L\u2019onorevole <strong>Calogero Leanza<\/strong> ha chiesto e ottenuto l\u2019inserimento nell\u2019ordine del giorno della prossima seduta della commissione Sanit\u00e0 dell\u2019Ars, della questione riguardante il ripristino dei medici di medicina generale e dei pediatri a San Teodoro e Cesar\u00f2 (Messina).<div id=\"div-gpt-ad-Messinaoggi.it-DSK-300x250-corpoart\" style=\"text-align:center;margin:0 auto;\"><\/div><\/p>\n\n\n\n<p>\u201c\u00c8 un punto importante \u2013 spiega il parlamentare regionale del Pd &#8211; perch\u00e9 in quell\u2019occasione porremo il problema direttamente al nuovo assessore regionale alla Salute, che sar\u00e0 presente per le dichiarazioni programmatiche\u201d.<div id=\"videoincontent\" style=\"clear:both\";><\/div><\/p>\n\n\n\n<p>\u201cLa situazione va affrontata senza ulteriori perdite di tempo &#8211; prosegue -, la mancanza di medici nelle zone pi\u00f9 disagiate \u00e8 motivo di difficolt\u00e0 per gli abitanti di quelle aree, che sono privati di servizi essenziali e di assistenza per la loro salute. Non si pu\u00f2 pi\u00f9 attendere\u201d.<\/p>\n","protected":false},"excerpt":{"rendered":"<p>L\u2019onorevole Calogero Leanza ha chiesto e ottenuto l\u2019inserimento nell\u2019ordine del giorno della prossima seduta della commissione Sanit\u00e0 dell\u2019Ars, della questione riguardante il ripristino dei medici di medicina generale e dei pediatri a San Teodoro e Cesar\u00f2 (Messina). \u201c\u00c8 un punto importante \u2013 spiega il parlamentare regionale del Pd &#8211; perch\u00e9 in quell\u2019occasione porremo il problema [&hellip;]<\/p>\n","protected":false},"author":15,"featured_media":122198,"comment_status":"open","ping_status":"open","sticky":false,"template":"","format":"standard","meta":{"ub_ctt_via":"","_mi_skip_tracking":false},"categories":[4],"tags":[601,5341,3300,2952,3586,1648,5721,3626],"featured_image_src":"https:\/\/www.messinaoggi.it\/website\/wp-content\/uploads\/2022\/09\/calogero-leanza-1280x720-1.jpg","author_info":{"display_name":"red.me","author_link":"https:\/\/www.messinaoggi.it\/website\/author\/red-me\/"},"digistream_id":0,"digistream":false,"_links":{"self":[{"href":"https:\/\/www.messinaoggi.it\/website\/wp-json\/wp\/v2\/posts\/132234"}],"collection":[{"href":"https:\/\/www.messinaoggi.it\/website\/wp-json\/wp\/v2\/posts"}],"about":[{"href":"https:\/\/www.messinaoggi.it\/website\/wp-json\/wp\/v2\/types\/post"}],"author":[{"embeddable":true,"href":"https:\/\/www.messinaoggi.it\/website\/wp-json\/wp\/v2\/users\/15"}],"replies":[{"embeddable":true,"href":"https:\/\/www.messinaoggi.it\/website\/wp-json\/wp\/v2\/comments?post=132234"}],"version-history":[{"count":1,"href":"https:\/\/www.messinaoggi.it\/website\/wp-json\/wp\/v2\/posts\/132234\/revisions"}],"predecessor-version":[{"id":132241,"href":"https:\/\/www.messinaoggi.it\/website\/wp-json\/wp\/v2\/posts\/132234\/revisions\/132241"}],"wp:featuredmedia":[{"embeddable":true,"href":"https:\/\/www.messinaoggi.it\/website\/wp-json\/wp\/v2\/media\/122198"}],"wp:attachment":[{"href":"https:\/\/www.messinaoggi.it\/website\/wp-json\/wp\/v2\/media?parent=132234"}],"wp:term":[{"taxonomy":"category","embeddable":true,"href":"https:\/\/www.messinaoggi.it\/website\/wp-json\/wp\/v2\/categories?post=132234"},{"taxonomy":"post_tag","embeddable":true,"href":"https:\/\/www.messinaoggi.it\/website\/wp-json\/wp\/v2\/tags?post=132234"}],"curies":[{"name":"wp","href":"https:\/\/api.w.org\/{rel}","templated":true}]}}