{"id":132225,"date":"2022-12-01T10:07:51","date_gmt":"2022-12-01T09:07:51","guid":{"rendered":"https:\/\/www.messinaoggi.it\/website\/2022\/12\/01\/e-morto-gerardo-bianco-storico-esponente-della-dc\/"},"modified":"2022-12-01T10:14:20","modified_gmt":"2022-12-01T09:14:20","slug":"e-morto-gerardo-bianco-storico-esponente-della-dc","status":"publish","type":"post","link":"https:\/\/www.messinaoggi.it\/website\/2022\/12\/01\/e-morto-gerardo-bianco-storico-esponente-della-dc\/","title":{"rendered":"E\u2019 morto Gerardo Bianco, storico esponente della Dc"},"content":{"rendered":"<div>ROMA (ITALPRESS) &#8211; E&#8217; morto all&#8217;et\u00e0 di 91 anni Gerardo Bianco, storico esponente della Democrazia Cristiana, e successivamente del Partito Popolare Italiano (di cui \u00e8 stato segretario e presidente) e della Margherita. Era nato a Guardia Lombardi, in provincia di Avellino, il 12 settembre 1931.<br \/>Bianco \u00e8 stato deputato alla Camera tra il 1968 e il 2008 in 9 legislature, 7 delle quali dal 1968 al 1994 con la Democrazia Cristiana. Inizialmente vicino alla corrente della DC &#8220;Base&#8221;, composta prevalentemente da avellinesi e guidata da Fiorentino Sullo prima e Ciriaco De Mita dopo, se ne allontana nel 1978 per avvicinarsi a quella guidata da Carlo Donat-Cattin prima e Franco Marini dopo &#8220;Forze Nuove&#8221;. E&#8217; capogruppo a Montecitorio della Dc dal 1979 al 1983.<br \/>Durante la X legislatura \u00e8 stato vicepresidente della Camera dal 1987 fino al 1990, quando divenne ministro della pubblica istruzione a luglio 1990 (fino a marzo &#8217;91) nel sesto governo Andreotti.<br \/>Dal 1992 al 1994 ha presieduto nuovamente il gruppo della DC alla Camera.<br \/>Nel 1994, in seguito alla fine della Dc, aderisce al rinato Partito Popolare Italiano di Mino Martinazzoli. Nello stesso anno venne eletto europarlamentare.<br \/>Bianco guida poi il partito per tre anni, contribuendo alla nascita dell&#8217;Ulivo. A gennaio del &#8217;97 lascia la segreteria del Ppi e viene nominato presidente del partito, carica che ricopre fino al 2 ottobre 1999.<br \/>Nel 2002 \u00e8 uno dei principali rappresentanti della corrente contraria alla continuazione dell&#8217;attivit\u00e0 politica all&#8217;interno della Margherita, lista con cui il Partito Popolare si \u00e8 presentato alle politiche del 2001. <br \/>A novembre 2004 fonda, insieme ai parlamentari Alberto Monticone e Lino Duilio, il movimento Italia Popolare &#8211; Movimento per l&#8217;Europa.<br \/>Alle elezioni politiche del 2006 \u00e8 stato rieletto alla Camera dei deputati tra le liste dell&#8217;Ulivo. Nel 2007 non aderisce al Pd e passa al gruppo misto. Successivamente, con il suo movimento Italia Popolare, e insieme a Savino Pezzotta e Bruno Tabacci, diede vita al progetto centrista della Rosa per l&#8217;Italia.<div id=\"div-gpt-ad-Messinaoggi.it-DSK-300x250-corpoart\" style=\"text-align:center;margin:0 auto;\"><\/div><\/p>\n<p>&#8211; foto Agenziafotogramma.it &#8211;<div id=\"videoincontent\" style=\"clear:both\";><\/div><\/p>\n<p>(ITALPRESS).<\/p><\/div>\n","protected":false},"excerpt":{"rendered":"<p>ROMA (ITALPRESS) &#8211; E&#8217; morto all&#8217;et\u00e0 di 91 anni Gerardo Bianco, storico esponente della Democrazia Cristiana, e successivamente del Partito Popolare Italiano (di cui \u00e8 stato segretario e presidente) e della Margherita. Era nato a Guardia Lombardi, in provincia di Avellino, il 12 settembre 1931.Bianco \u00e8 stato deputato alla Camera tra il 1968 e il [&hellip;]<\/p>\n","protected":false},"author":18,"featured_media":132226,"comment_status":"closed","ping_status":"closed","sticky":false,"template":"","format":"standard","meta":{"ub_ctt_via":"","_mi_skip_tracking":false},"categories":[446,4],"tags":[783],"featured_image_src":"https:\/\/www.messinaoggi.it\/website\/wp-content\/uploads\/2022\/12\/20221201_0129.jpg","author_info":{"display_name":"Admin","author_link":"https:\/\/www.messinaoggi.it\/website\/author\/admin\/"},"digistream_id":0,"digistream":false,"_links":{"self":[{"href":"https:\/\/www.messinaoggi.it\/website\/wp-json\/wp\/v2\/posts\/132225"}],"collection":[{"href":"https:\/\/www.messinaoggi.it\/website\/wp-json\/wp\/v2\/posts"}],"about":[{"href":"https:\/\/www.messinaoggi.it\/website\/wp-json\/wp\/v2\/types\/post"}],"author":[{"embeddable":true,"href":"https:\/\/www.messinaoggi.it\/website\/wp-json\/wp\/v2\/users\/18"}],"replies":[{"embeddable":true,"href":"https:\/\/www.messinaoggi.it\/website\/wp-json\/wp\/v2\/comments?post=132225"}],"version-history":[{"count":1,"href":"https:\/\/www.messinaoggi.it\/website\/wp-json\/wp\/v2\/posts\/132225\/revisions"}],"predecessor-version":[{"id":132227,"href":"https:\/\/www.messinaoggi.it\/website\/wp-json\/wp\/v2\/posts\/132225\/revisions\/132227"}],"wp:featuredmedia":[{"embeddable":true,"href":"https:\/\/www.messinaoggi.it\/website\/wp-json\/wp\/v2\/media\/132226"}],"wp:attachment":[{"href":"https:\/\/www.messinaoggi.it\/website\/wp-json\/wp\/v2\/media?parent=132225"}],"wp:term":[{"taxonomy":"category","embeddable":true,"href":"https:\/\/www.messinaoggi.it\/website\/wp-json\/wp\/v2\/categories?post=132225"},{"taxonomy":"post_tag","embeddable":true,"href":"https:\/\/www.messinaoggi.it\/website\/wp-json\/wp\/v2\/tags?post=132225"}],"curies":[{"name":"wp","href":"https:\/\/api.w.org\/{rel}","templated":true}]}}