{"id":132223,"date":"2022-12-01T10:00:14","date_gmt":"2022-12-01T09:00:14","guid":{"rendered":"http:\/\/www.messinaoggi.it\/website\/?p=132223"},"modified":"2022-12-01T10:16:08","modified_gmt":"2022-12-01T09:16:08","slug":"ersu-grimaudo-lavori-gia-avviati-a-gravitelli-studenti-al-sicuro","status":"publish","type":"post","link":"https:\/\/www.messinaoggi.it\/website\/2022\/12\/01\/ersu-grimaudo-lavori-gia-avviati-a-gravitelli-studenti-al-sicuro\/","title":{"rendered":"Ersu, Grimaudo: &#8220;Lavori gi\u00e0 avviati a Gravitelli, studenti al sicuro&#8221;"},"content":{"rendered":"\n<p>&#8220;Ieri abbiamo disposto l&#8217;intervento e gi\u00e0 questa mattina sono iniziati i lavori di ripristino del controsoffitto&#8221;.<div id=\"div-gpt-ad-Messinaoggi.it-DSK-300x250-corpoart\" style=\"text-align:center;margin:0 auto;\"><\/div><\/p>\n\n\n\n<p>Il prof. Pierangelo Grimaudo, presidente dell&#8217;Ersu di Messina, spegne sul nascere le polemiche innescate dall&#8217;associazione studentesca Udu, che ha lanciato l&#8217;allarme sulla sicurezza della casa dello studente di Gravitelli.<div id=\"videoincontent\" style=\"clear:both\";><\/div><\/p>\n\n\n\n<p>&#8220;Escludo categoricamente che ci siano situazioni di pericolo per l&#8217;incolumit\u00e0 degli studenti, nel caso di Gravitelli si \u00e8 trattato di un controsoffitto ammalorato. Tuttavia, la ditta incaricata di eseguire i lavori \u00e8 gi\u00e0 al lavoro e oltre all&#8217;intervento di ripristino far\u00e0 un sopralluogo nelle altre stanze. Abbiamo gi\u00e0 provveduto a fornire una nuova sistemazione all&#8217;occupante della stanza interessata dal problema segnalato&#8221;.<\/p>\n\n\n\n<p>Nessun rischio quindi per gli studenti, anzi l&#8217;Ersu sta anche effettuando lavori in altre strutture. &#8220;Da parte nostra c&#8217;\u00e8 la massima attenzione come dimostra il fatto che sono in corso di realizzazione gli interventi straordinari a Papardo e Annunziata&#8221;. Conclude il prof. Grimaudo<\/p>\n","protected":false},"excerpt":{"rendered":"<p>&#8220;Ieri abbiamo disposto l&#8217;intervento e gi\u00e0 questa mattina sono iniziati i lavori di ripristino del controsoffitto&#8221;. Il prof. Pierangelo Grimaudo, presidente dell&#8217;Ersu di Messina, spegne sul nascere le polemiche innescate dall&#8217;associazione studentesca Udu, che ha lanciato l&#8217;allarme sulla sicurezza della casa dello studente di Gravitelli. &#8220;Escludo categoricamente che ci siano situazioni di pericolo per l&#8217;incolumit\u00e0 [&hellip;]<\/p>\n","protected":false},"author":2,"featured_media":95052,"comment_status":"open","ping_status":"open","sticky":false,"template":"","format":"standard","meta":{"ub_ctt_via":"","_mi_skip_tracking":false},"categories":[19],"tags":[5719,1805,5720,3921],"featured_image_src":"https:\/\/www.messinaoggi.it\/website\/wp-content\/uploads\/2022\/01\/Pierangelo-Grimaudo.jpg","author_info":{"display_name":"Redazione","author_link":"https:\/\/www.messinaoggi.it\/website\/author\/redazione\/"},"digistream_id":0,"digistream":false,"_links":{"self":[{"href":"https:\/\/www.messinaoggi.it\/website\/wp-json\/wp\/v2\/posts\/132223"}],"collection":[{"href":"https:\/\/www.messinaoggi.it\/website\/wp-json\/wp\/v2\/posts"}],"about":[{"href":"https:\/\/www.messinaoggi.it\/website\/wp-json\/wp\/v2\/types\/post"}],"author":[{"embeddable":true,"href":"https:\/\/www.messinaoggi.it\/website\/wp-json\/wp\/v2\/users\/2"}],"replies":[{"embeddable":true,"href":"https:\/\/www.messinaoggi.it\/website\/wp-json\/wp\/v2\/comments?post=132223"}],"version-history":[{"count":2,"href":"https:\/\/www.messinaoggi.it\/website\/wp-json\/wp\/v2\/posts\/132223\/revisions"}],"predecessor-version":[{"id":132229,"href":"https:\/\/www.messinaoggi.it\/website\/wp-json\/wp\/v2\/posts\/132223\/revisions\/132229"}],"wp:featuredmedia":[{"embeddable":true,"href":"https:\/\/www.messinaoggi.it\/website\/wp-json\/wp\/v2\/media\/95052"}],"wp:attachment":[{"href":"https:\/\/www.messinaoggi.it\/website\/wp-json\/wp\/v2\/media?parent=132223"}],"wp:term":[{"taxonomy":"category","embeddable":true,"href":"https:\/\/www.messinaoggi.it\/website\/wp-json\/wp\/v2\/categories?post=132223"},{"taxonomy":"post_tag","embeddable":true,"href":"https:\/\/www.messinaoggi.it\/website\/wp-json\/wp\/v2\/tags?post=132223"}],"curies":[{"name":"wp","href":"https:\/\/api.w.org\/{rel}","templated":true}]}}