{"id":132184,"date":"2022-11-30T22:07:53","date_gmt":"2022-11-30T21:07:53","guid":{"rendered":"https:\/\/www.messinaoggi.it\/website\/2022\/11\/30\/santo-versace-oggi-manca-lamore-per-il-lavoro\/"},"modified":"2022-11-30T22:07:53","modified_gmt":"2022-11-30T21:07:53","slug":"santo-versace-oggi-manca-lamore-per-il-lavoro","status":"publish","type":"post","link":"https:\/\/www.messinaoggi.it\/website\/2022\/11\/30\/santo-versace-oggi-manca-lamore-per-il-lavoro\/","title":{"rendered":"Santo Versace \u201cOggi manca l\u2019amore per il lavoro\u201d"},"content":{"rendered":"<div>MILANO (ITALPRESS) &#8211; &#8220;Questo \u00e8 un libro che nasce dall&#8217;amore&#8221;. Cos\u00ec l&#8217;imprenditore Santo Versace, intervistato da Claudio Brachino per la rubrica Primo Piano dell&#8217;agenzia Italpress, parla del suo volume &#8220;Fratelli. Una famiglia italiana&#8221;, sulla vita del fratello Gianni, ucciso a Miami nel 1997. &#8220;Siamo cresciuti in una famiglia straordinaria &#8211; ricorda -. Sia mio padre che mia madre erano lavoratori instancabili, mia madre aveva la sartoria e mio padre il commercio al dettaglio. Ci hanno insegnato sempre la libert\u00e0 di fare. Ci hanno fatto vedere l&#8217;amore per il lavoro. Quando mi chiedono qual \u00e8 il problema attuale io rispondo che manca purtroppo l&#8217;amore per il lavoro&#8221;.<br \/>\n&#8220;Gianni &#8211; ricorda ancora il fratello &#8211; si forma con mia madre, e la sua creativit\u00e0 \u00e8 cresciuta nella sartoria. Tant&#8217;\u00e8 che si definiva sarto, non stilista. Io invece mi sono formato con mio padre. Io e Gianni eravamo due facce della stessa medaglia. Ognuno aveva fiducia nell&#8217;altro. Gianni \u00e8 stato un genio creativo straordinario. Ha creato la moda. Era un rivoluzionario. Ha liberato l&#8217;uomo da qualunque codice. Ha rotto tutti i legami, tutti i lacci. Ha avuto successo a Milano e con le star perch\u00e8 quello che lui faceva era straordinario. Tutte le donne hanno amato Gianni in maniera incredibile. Era l&#8217;estro, era il dominatore della scena. Gianni era la sintesi della bellezza, voleva rendere uomini e donne liberi e belli&#8221;.<br \/>\nIn riferimento all&#8217;omicidio del fratello, Santo Versace afferma che &#8220;fu una tragedia, e col libro, dopo 25 anni, mi libero da questa angoscia. La notizia della morte fu scioccante, chi se lo aspettava mai. Dopo la morte di mio fratello le banche d&#8217;affari ci davano per finite. La tragedia di Miami ha fermato il primo gruppo italiano, quello che aveva cambiato il mondo della moda. C&#8217;\u00e8 chi ha scritto che c&#8217;\u00e8 un prima e dopo Gianni Versace. Anche Armani ha patito la mancanza di Gianni. Questo libro &#8211; prosegue l&#8217;imprenditore &#8211; \u00e8 anche merito di mia moglie Francesca, per tirarmi fuori da questo trauma, e siccome non abbiamo avuto figli abbiamo deciso con la nostra Fondazione Altagamma di aiutare i fragili&#8221;.<br \/>\n&#8220;La fondazione per noi rappresenta il figlio che non abbiamo avuto &#8211; sottolinea Santo Versace -. Vogliamo aiutare i progetti che ci piacciono, e creare la rete delle Fondazioni virtuose, per acquisire la forza di gruppo e realizzare i progetti che valgono. Quando mi chiedono cosa mi manca di Gianni, rispondo che mi mancano i suoi sorrisi, i suoi abbracci, il suo essere eterno bambino&#8221;. Parlando ancora del libro, l&#8217;imprenditore afferma che &#8220;sar\u00e0 il primo libro di una serie, io voglio raccontare quello che faccio e quello che faremo. Io non mi sono mai sentito cos\u00ec giovane. La politica? Mi manca relativamente, perch\u00e8 come cittadino continuo a farla&#8221;.<div id=\"div-gpt-ad-Messinaoggi.it-DSK-300x250-corpoart\" style=\"text-align:center;margin:0 auto;\"><\/div><\/p>\n<p>&#8211; foto Italpress &#8211;<div id=\"videoincontent\" style=\"clear:both\";><\/div><\/p>\n<p>(ITALPRESS).<\/p><\/div>\n","protected":false},"excerpt":{"rendered":"<p>MILANO (ITALPRESS) &#8211; &#8220;Questo \u00e8 un libro che nasce dall&#8217;amore&#8221;. Cos\u00ec l&#8217;imprenditore Santo Versace, intervistato da Claudio Brachino per la rubrica Primo Piano dell&#8217;agenzia Italpress, parla del suo volume &#8220;Fratelli. Una famiglia italiana&#8221;, sulla vita del fratello Gianni, ucciso a Miami nel 1997. &#8220;Siamo cresciuti in una famiglia straordinaria &#8211; ricorda -. Sia mio padre [&hellip;]<\/p>\n","protected":false},"author":18,"featured_media":132185,"comment_status":"closed","ping_status":"closed","sticky":false,"template":"","format":"standard","meta":{"ub_ctt_via":"","_mi_skip_tracking":false},"categories":[446],"tags":[783],"featured_image_src":"https:\/\/www.messinaoggi.it\/website\/wp-content\/uploads\/2022\/11\/20221130_2317.jpg","author_info":{"display_name":"Admin","author_link":"https:\/\/www.messinaoggi.it\/website\/author\/admin\/"},"digistream_id":0,"digistream":false,"_links":{"self":[{"href":"https:\/\/www.messinaoggi.it\/website\/wp-json\/wp\/v2\/posts\/132184"}],"collection":[{"href":"https:\/\/www.messinaoggi.it\/website\/wp-json\/wp\/v2\/posts"}],"about":[{"href":"https:\/\/www.messinaoggi.it\/website\/wp-json\/wp\/v2\/types\/post"}],"author":[{"embeddable":true,"href":"https:\/\/www.messinaoggi.it\/website\/wp-json\/wp\/v2\/users\/18"}],"replies":[{"embeddable":true,"href":"https:\/\/www.messinaoggi.it\/website\/wp-json\/wp\/v2\/comments?post=132184"}],"version-history":[{"count":0,"href":"https:\/\/www.messinaoggi.it\/website\/wp-json\/wp\/v2\/posts\/132184\/revisions"}],"wp:featuredmedia":[{"embeddable":true,"href":"https:\/\/www.messinaoggi.it\/website\/wp-json\/wp\/v2\/media\/132185"}],"wp:attachment":[{"href":"https:\/\/www.messinaoggi.it\/website\/wp-json\/wp\/v2\/media?parent=132184"}],"wp:term":[{"taxonomy":"category","embeddable":true,"href":"https:\/\/www.messinaoggi.it\/website\/wp-json\/wp\/v2\/categories?post=132184"},{"taxonomy":"post_tag","embeddable":true,"href":"https:\/\/www.messinaoggi.it\/website\/wp-json\/wp\/v2\/tags?post=132184"}],"curies":[{"name":"wp","href":"https:\/\/api.w.org\/{rel}","templated":true}]}}