{"id":132127,"date":"2022-11-30T15:37:13","date_gmt":"2022-11-30T14:37:13","guid":{"rendered":"http:\/\/www.messinaoggi.it\/website\/?p=132127"},"modified":"2022-11-30T15:37:14","modified_gmt":"2022-11-30T14:37:14","slug":"blitz-cantiere-edile-soddisfatta-la-uil","status":"publish","type":"post","link":"https:\/\/www.messinaoggi.it\/website\/2022\/11\/30\/blitz-cantiere-edile-soddisfatta-la-uil\/","title":{"rendered":"Blitz cantiere edile, soddisfatta la Uil"},"content":{"rendered":"\n<p>Il recente blitz dei carabinieri del Nucleo Ispettorato del Lavoro e della Compagnia Sud di Messina, che ha portato <strong><a href=\"https:\/\/www.messinaoggi.it\/website\/2022\/11\/29\/lavoro-in-nero-denunciato-il-titolare\/\">alla sospensione di un cantiere edile di Al\u00ec Terme e alla denuncia del suo titolare<\/a><\/strong> per gravi violazioni in materia di sicurezza del lavoro, \u00e8 stata accolta positivamente dalla Uil di Messina, da tempo porta avanti la campagna di mobilitazione &#8220;Zero Morti Sul Lavoro&#8221;.<div id=\"div-gpt-ad-Messinaoggi.it-DSK-300x250-corpoart\" style=\"text-align:center;margin:0 auto;\"><\/div><\/p>\n\n\n\n<p>\u201cLa UIL Messina esprime un forte plauso ai Carabinieri del Nucleo Ispettorato del Lavoro e della Compagnia Sud di Messina per l\u2019esito del nuovo blitz effettuato presso un cantiere edile di Al\u00ec Terme finalizzato a contrastare il lavoro nero ed irregolare, nonch\u00e9 al fine di verificare il rispetto delle norme di salute e sicurezza sui luoghi di lavoro. &#8211; hanno dichiarato Ivan Tripodi, segretario generale Uil Messina, e Pasquale De Vardo, segretario generale Feneal Uil Messina-Palermo &#8211; L\u2019attivit\u00e0 in questione, infatti, ha fatto emergere gravi irregolarit\u00e0 in merito alla sicurezza, alla formazione e informazione e, inoltre, ha certificato la presenza di un lavoratore \u201cin nero\u201d. <div id=\"videoincontent\" style=\"clear:both\";><\/div><\/p>\n\n\n\n<p>&#8220;Nel ringraziare i Carabinieri e l\u2019Ispettorato del Lavoro per l\u2019azione svolta, auspichiamo che quest\u2019attivit\u00e0 prosegua senza sosta. \u00c8 del tutto evidente che il Protocollo d\u2019intesa per la sicurezza nel settore edile, firmato lo scorso aprile grazie alla sensibilit\u00e0 della Signora Prefetto dott.ssa Di Stani che ringraziamo ancora una volta, sta dando i suoi frutti. Il nostro obiettivo \u00e8 noto da tempo: la Uil ha lanciato una grande campagna di mobilitazione nazionale denominata \u201cZero Morti Sul Lavoro\u201d che vuole evidenziare la necessit\u00e0 che il lavoro sia legale e soprattutto sicuro poich\u00e9 \u00e8 ignobile, in pieno terzo millennio, dovere assistere alla quotidiana mattanza di lavoratori che perdono la vita sul posto di lavoro. Pertanto, rilanciamo con sempre maggiore vigore la necessit\u00e0 di un\u2019azione di contrasto ancora pi\u00f9 dura e stringente\u201d.<\/p>\n","protected":false},"excerpt":{"rendered":"<p>Il recente blitz dei carabinieri del Nucleo Ispettorato del Lavoro e della Compagnia Sud di Messina, che ha portato alla sospensione di un cantiere edile di Al\u00ec Terme e alla denuncia del suo titolare per gravi violazioni in materia di sicurezza del lavoro, \u00e8 stata accolta positivamente dalla Uil di Messina, da tempo porta avanti [&hellip;]<\/p>\n","protected":false},"author":8,"featured_media":23348,"comment_status":"open","ping_status":"open","sticky":false,"template":"","format":"standard","meta":{"ub_ctt_via":"","_mi_skip_tracking":false},"categories":[5],"tags":[4690,5706,1513,141],"featured_image_src":"https:\/\/www.messinaoggi.it\/website\/wp-content\/uploads\/2018\/08\/IMG_3790-1-1.jpg","author_info":{"display_name":"red..me","author_link":"https:\/\/www.messinaoggi.it\/website\/author\/redstage\/"},"digistream_id":0,"digistream":false,"_links":{"self":[{"href":"https:\/\/www.messinaoggi.it\/website\/wp-json\/wp\/v2\/posts\/132127"}],"collection":[{"href":"https:\/\/www.messinaoggi.it\/website\/wp-json\/wp\/v2\/posts"}],"about":[{"href":"https:\/\/www.messinaoggi.it\/website\/wp-json\/wp\/v2\/types\/post"}],"author":[{"embeddable":true,"href":"https:\/\/www.messinaoggi.it\/website\/wp-json\/wp\/v2\/users\/8"}],"replies":[{"embeddable":true,"href":"https:\/\/www.messinaoggi.it\/website\/wp-json\/wp\/v2\/comments?post=132127"}],"version-history":[{"count":1,"href":"https:\/\/www.messinaoggi.it\/website\/wp-json\/wp\/v2\/posts\/132127\/revisions"}],"predecessor-version":[{"id":132128,"href":"https:\/\/www.messinaoggi.it\/website\/wp-json\/wp\/v2\/posts\/132127\/revisions\/132128"}],"wp:featuredmedia":[{"embeddable":true,"href":"https:\/\/www.messinaoggi.it\/website\/wp-json\/wp\/v2\/media\/23348"}],"wp:attachment":[{"href":"https:\/\/www.messinaoggi.it\/website\/wp-json\/wp\/v2\/media?parent=132127"}],"wp:term":[{"taxonomy":"category","embeddable":true,"href":"https:\/\/www.messinaoggi.it\/website\/wp-json\/wp\/v2\/categories?post=132127"},{"taxonomy":"post_tag","embeddable":true,"href":"https:\/\/www.messinaoggi.it\/website\/wp-json\/wp\/v2\/tags?post=132127"}],"curies":[{"name":"wp","href":"https:\/\/api.w.org\/{rel}","templated":true}]}}