{"id":132093,"date":"2022-11-30T12:07:51","date_gmt":"2022-11-30T11:07:51","guid":{"rendered":"https:\/\/www.messinaoggi.it\/website\/2022\/11\/30\/ucraina-conte-inviare-armi-non-puo-piu-essere-la-soluzione\/"},"modified":"2022-11-30T12:07:51","modified_gmt":"2022-11-30T11:07:51","slug":"ucraina-conte-inviare-armi-non-puo-piu-essere-la-soluzione","status":"publish","type":"post","link":"https:\/\/www.messinaoggi.it\/website\/2022\/11\/30\/ucraina-conte-inviare-armi-non-puo-piu-essere-la-soluzione\/","title":{"rendered":"Ucraina, Conte \u201cInviare armi non pu\u00f2 pi\u00f9 essere la soluzione\u201d"},"content":{"rendered":"<div>ROMA (ITALPRESS) &#8211; &#8220;Pochi giorni fa siamo giunti al nono mese di conflitto in terra ucraina, nove mesi in cui la Russia ha tentato in tutti i modi di soverchiare la sovranit\u00e0 territoriale, politica ucraina aprendo un conflitto alle porte dell&#8217;Europa, innescando una crisi i cui risvolti stanno sconquassando il tessuto economico di altri paesi&#8221;. Lo ha detto il leader del M5S, Giuseppe Conte, intervenendo alla Camera in merito alle mozioni sul conflitto Russia-Ucraina. &#8220;Con il passare dei mesi abbiamo constatato che in troppi, in tanti hanno fatto l&#8217;abitudine a questa guerra &#8211; ha aggiunto &#8211; sin dal primo colpo sparato in questo conflitto il M5S ha condannato con forza l&#8217;aggressione russa, sostenendo l&#8217;apertura di un piano diplomatico e un aiuto militare al popolo ucraino&#8221;. <br \/>&#8220;Un aiuto &#8211; ha chiarito Conte &#8211; derivato dalla convinzione di porre un argine all&#8217;iniziale asimmetria delle forze in campo, un contributo deciso non a cuor leggero ma necessario per garantire all&#8217;Ucraina il diritto alla legittima difesa. Oggi, dopo nove mesi, questa non pu\u00f2 essere pi\u00f9 la soluzione, sul piano delle armi si \u00e8 parlato e agito anche troppo, di diplomazia e negoziato di pace ad oggi non vediamo nessuna traccia&#8221;. Per l&#8217;ex premier &#8220;la pace va costruita, \u00e8 frutto di una strategia faticosamente perseguita&#8221;. <div id=\"div-gpt-ad-Messinaoggi.it-DSK-300x250-corpoart\" style=\"text-align:center;margin:0 auto;\"><\/div><\/p>\n<p>&#8211; foto agenziafotogramma.it &#8211;<br \/>(ITALPRESS).<\/div>\n<div id=\"videoincontent\" style=\"clear:both\";><\/div>","protected":false},"excerpt":{"rendered":"<p>ROMA (ITALPRESS) &#8211; &#8220;Pochi giorni fa siamo giunti al nono mese di conflitto in terra ucraina, nove mesi in cui la Russia ha tentato in tutti i modi di soverchiare la sovranit\u00e0 territoriale, politica ucraina aprendo un conflitto alle porte dell&#8217;Europa, innescando una crisi i cui risvolti stanno sconquassando il tessuto economico di altri paesi&#8221;. [&hellip;]<\/p>\n","protected":false},"author":18,"featured_media":132094,"comment_status":"closed","ping_status":"closed","sticky":false,"template":"","format":"standard","meta":{"ub_ctt_via":"","_mi_skip_tracking":false},"categories":[446],"tags":[783],"featured_image_src":"https:\/\/www.messinaoggi.it\/website\/wp-content\/uploads\/2022\/11\/20221130_0210.jpg","author_info":{"display_name":"Admin","author_link":"https:\/\/www.messinaoggi.it\/website\/author\/admin\/"},"digistream_id":0,"digistream":false,"_links":{"self":[{"href":"https:\/\/www.messinaoggi.it\/website\/wp-json\/wp\/v2\/posts\/132093"}],"collection":[{"href":"https:\/\/www.messinaoggi.it\/website\/wp-json\/wp\/v2\/posts"}],"about":[{"href":"https:\/\/www.messinaoggi.it\/website\/wp-json\/wp\/v2\/types\/post"}],"author":[{"embeddable":true,"href":"https:\/\/www.messinaoggi.it\/website\/wp-json\/wp\/v2\/users\/18"}],"replies":[{"embeddable":true,"href":"https:\/\/www.messinaoggi.it\/website\/wp-json\/wp\/v2\/comments?post=132093"}],"version-history":[{"count":0,"href":"https:\/\/www.messinaoggi.it\/website\/wp-json\/wp\/v2\/posts\/132093\/revisions"}],"wp:featuredmedia":[{"embeddable":true,"href":"https:\/\/www.messinaoggi.it\/website\/wp-json\/wp\/v2\/media\/132094"}],"wp:attachment":[{"href":"https:\/\/www.messinaoggi.it\/website\/wp-json\/wp\/v2\/media?parent=132093"}],"wp:term":[{"taxonomy":"category","embeddable":true,"href":"https:\/\/www.messinaoggi.it\/website\/wp-json\/wp\/v2\/categories?post=132093"},{"taxonomy":"post_tag","embeddable":true,"href":"https:\/\/www.messinaoggi.it\/website\/wp-json\/wp\/v2\/tags?post=132093"}],"curies":[{"name":"wp","href":"https:\/\/api.w.org\/{rel}","templated":true}]}}