{"id":132062,"date":"2022-11-30T09:05:07","date_gmt":"2022-11-30T08:05:07","guid":{"rendered":"http:\/\/www.messinaoggi.it\/website\/?p=132062"},"modified":"2022-11-30T09:05:08","modified_gmt":"2022-11-30T08:05:08","slug":"aumento-indennita-serpeggia-malumore-in-consiglio","status":"publish","type":"post","link":"https:\/\/www.messinaoggi.it\/website\/2022\/11\/30\/aumento-indennita-serpeggia-malumore-in-consiglio\/","title":{"rendered":"Aumento indennit\u00e0, serpeggia malumore in Consiglio"},"content":{"rendered":"\n<p>Spirano venti di fronda in Consiglio comunale. L&#8217;aumento delle indennit\u00e0 dei componenti dei Cda delle societ\u00e0 partecipate \u00e8 destinato a scatenare in aula un vespaio di polemiche.<div id=\"div-gpt-ad-Messinaoggi.it-DSK-300x250-corpoart\" style=\"text-align:center;margin:0 auto;\"><\/div><\/p>\n\n\n\n<p>I consiglieri comunali non ci stanno e pretendono che le anche il loro gettone di presenza venga ritoccato, cos\u00ec come avvenuto per sindaco e assessori comunali.<div id=\"videoincontent\" style=\"clear:both\";><\/div><\/p>\n\n\n\n<p>L&#8217;incremento avr\u00e0 effetto retroattivo e quindi anche l&#8217;ex sindaco Cateno De Luca e gli assessori della sua giunta municipale avranno diritto al ritocco. Tutto da vedere per le Societ\u00e0 a partecipazione comunale.<\/p>\n\n\n\n<p>A dare fuoco alle polveri delle polemiche \u00e8 stata l&#8217;ormai ex presidente di Arism\u00e8, la quale motu proprio, una volta nominata presidente ha aumentato le indennit\u00e0 dei componenti del Cda. Una mossa che non \u00e8 piaciuta al sindaco Federico Basile, il quale &#8211; come si ricorder\u00e0 &#8211; aveva avviato le procedure di revoca. Poi la stessa Giorgianni ad inizio settimana ha rassegnato le proprie dimissioni: \u00e8 logico attendersi, comunque, una coda giudiziaria sulla vicenda.<\/p>\n\n\n\n<p>Ma all&#8217;indomani delle dimissioni, ecco arrivare il ritocco delle indennit\u00e0 per tutti i componenti dei Cda delle Partecipate: si tratta di un ritocco (pari a 110 euro al mese), e non dell&#8217;adeguamento previsto per legge, ovvero del 37% per i componenti e del 42% dei presidenti, rispetto all&#8217;indennit\u00e0 del sindaco.<\/p>\n\n\n\n<p>Il ritocco ha comunque scatenato non pochi malumori in seno al Consiglio comunale, dove annunciano battaglia quelli dell&#8217;opposizione. Ma qualche crepa si registra anche in seno alla maggioranza dove qualcuno non \u00e8 pi\u00f9 disposto a fare lo &#8220;yes man&#8221;. <\/p>\n","protected":false},"excerpt":{"rendered":"<p>Spirano venti di fronda in Consiglio comunale. L&#8217;aumento delle indennit\u00e0 dei componenti dei Cda delle societ\u00e0 partecipate \u00e8 destinato a scatenare in aula un vespaio di polemiche. I consiglieri comunali non ci stanno e pretendono che le anche il loro gettone di presenza venga ritoccato, cos\u00ec come avvenuto per sindaco e assessori comunali. L&#8217;incremento avr\u00e0 [&hellip;]<\/p>\n","protected":false},"author":2,"featured_media":125949,"comment_status":"open","ping_status":"open","sticky":false,"template":"","format":"standard","meta":{"ub_ctt_via":"","_mi_skip_tracking":false},"categories":[19],"tags":[5501,5690,5689,2972,5688],"featured_image_src":"https:\/\/www.messinaoggi.it\/website\/wp-content\/uploads\/2022\/10\/Palazzo-Zanca.jpg","author_info":{"display_name":"Redazione","author_link":"https:\/\/www.messinaoggi.it\/website\/author\/redazione\/"},"digistream_id":0,"digistream":false,"_links":{"self":[{"href":"https:\/\/www.messinaoggi.it\/website\/wp-json\/wp\/v2\/posts\/132062"}],"collection":[{"href":"https:\/\/www.messinaoggi.it\/website\/wp-json\/wp\/v2\/posts"}],"about":[{"href":"https:\/\/www.messinaoggi.it\/website\/wp-json\/wp\/v2\/types\/post"}],"author":[{"embeddable":true,"href":"https:\/\/www.messinaoggi.it\/website\/wp-json\/wp\/v2\/users\/2"}],"replies":[{"embeddable":true,"href":"https:\/\/www.messinaoggi.it\/website\/wp-json\/wp\/v2\/comments?post=132062"}],"version-history":[{"count":1,"href":"https:\/\/www.messinaoggi.it\/website\/wp-json\/wp\/v2\/posts\/132062\/revisions"}],"predecessor-version":[{"id":132063,"href":"https:\/\/www.messinaoggi.it\/website\/wp-json\/wp\/v2\/posts\/132062\/revisions\/132063"}],"wp:featuredmedia":[{"embeddable":true,"href":"https:\/\/www.messinaoggi.it\/website\/wp-json\/wp\/v2\/media\/125949"}],"wp:attachment":[{"href":"https:\/\/www.messinaoggi.it\/website\/wp-json\/wp\/v2\/media?parent=132062"}],"wp:term":[{"taxonomy":"category","embeddable":true,"href":"https:\/\/www.messinaoggi.it\/website\/wp-json\/wp\/v2\/categories?post=132062"},{"taxonomy":"post_tag","embeddable":true,"href":"https:\/\/www.messinaoggi.it\/website\/wp-json\/wp\/v2\/tags?post=132062"}],"curies":[{"name":"wp","href":"https:\/\/api.w.org\/{rel}","templated":true}]}}