{"id":132047,"date":"2022-11-30T07:00:59","date_gmt":"2022-11-30T06:00:59","guid":{"rendered":"http:\/\/www.messinaoggi.it\/website\/?p=132047"},"modified":"2022-11-29T23:09:37","modified_gmt":"2022-11-29T22:09:37","slug":"piscina-comunale-la-fauci-inaccettabile-che-non-sia-accessibile-anche-ai-disabili","status":"publish","type":"post","link":"https:\/\/www.messinaoggi.it\/website\/2022\/11\/30\/piscina-comunale-la-fauci-inaccettabile-che-non-sia-accessibile-anche-ai-disabili\/","title":{"rendered":"Piscina comunale, La Fauci: \u201cInaccettabile che non sia accessibile anche ai disabili\u201d"},"content":{"rendered":"\n<p>\u201cNelle scorse settimane ho presentato un\u2019interrogazione all\u2019Amministrazione comunale per chiarimenti immediati sulle condizioni di accessibilit\u00e0 alla piscina comunale \u201cGraziella Campagna\u201d per disabili e bambini speciali. La risposta ricevuta dall\u2019Amministrazione non pu\u00f2 soddisfare le mie richieste e, anzi, rischia di suonare come una grande occasione persa per la reale risoluzione dei problemi\u201d. Lo dichiara in una nota il consigliere comunale di Ora Sicilia Giandomenico La Fauci, spiegando che \u201cnella nota di risposta comunale, infatti, vengono rivendicate circostanze non aderenti alle problematiche poste in essere. Le testimonianze di tanti fruitori affetti da disabilit\u00e0 cozzano con le condizioni sbandierate\u201d.<div id=\"div-gpt-ad-Messinaoggi.it-DSK-300x250-corpoart\" style=\"text-align:center;margin:0 auto;\"><\/div><\/p>\n\n\n\n<p>\u201cL&#8217;ingresso alla struttura non \u00e8 facilitato, anzi risulta complicato fino a diventare impossibile. \u2013 prosegue il consigliere comunale \u2013 Non sono presenti bagni con accesso disabili, come ammesso nella nota, e la possibilit\u00e0 di realizzazione \u00e8 rimasta una bozza non ancora messa in opera. In pi\u00f9, non sono previsti corsi specifici per i disabili. Circostanza, questa, per cui si attende la risposta della FIN che, a mio modesto avviso, andrebbe sollecitata in maniera quotidiana. I macchinari per l\u2019accesso alla piscina risultano in fase di manutenzione con tempistiche fin troppo dilatate. Inaccettabile che alle soglie del 2023 una struttura pubblica non possa essere goduta da tutta l\u2019intera cittadinanza. Queste limitazioni alle persone affette da disabilit\u00e0 rappresentano uno schiaffo alla civilt\u00e0.<div id=\"videoincontent\" style=\"clear:both\";><\/div><\/p>\n\n\n\n<p>\u201cDispiace, poi, che l\u2019interesse primario dell\u2019amministrazione sia stato quello di elencare le strutture pubbliche in cui \u00e8 garantito l\u2019accesso ai disabili. E allora? La questione in essere riguarda la piscina \u201cGraziella Campagna\u201d, il fatto che altre strutture non presentino problematiche non \u00e8 certamente un vanto, ma la normalit\u00e0. Come cittadini non dovremmo mai accettare che la normalit\u00e0 venga spacciata per grandiosit\u00e0.<\/p>\n\n\n\n<p>\u201cSono pronto in prima persona, accompagnato da alcuni disabili che mi hanno pi\u00f9 volte segnalato le criticit\u00e0, a testare insieme agli uomini del Comune e dell\u2019amministrazione le condizioni della piscina Campagna. Invito che rivolgo loro pubblicamente, dopodich\u00e9 sar\u00e0 pi\u00f9 facile comprendere il reale stato e agire in tempi ristretti\u201d.<\/p>\n","protected":false},"excerpt":{"rendered":"<p>\u201cNelle scorse settimane ho presentato un\u2019interrogazione all\u2019Amministrazione comunale per chiarimenti immediati sulle condizioni di accessibilit\u00e0 alla piscina comunale \u201cGraziella Campagna\u201d per disabili e bambini speciali. La risposta ricevuta dall\u2019Amministrazione non pu\u00f2 soddisfare le mie richieste e, anzi, rischia di suonare come una grande occasione persa per la reale risoluzione dei problemi\u201d. Lo dichiara in una [&hellip;]<\/p>\n","protected":false},"author":8,"featured_media":7129,"comment_status":"open","ping_status":"open","sticky":false,"template":"","format":"standard","meta":{"ub_ctt_via":"","_mi_skip_tracking":false},"categories":[4],"tags":[5686,2395,4167,5685],"featured_image_src":"https:\/\/www.messinaoggi.it\/website\/wp-content\/uploads\/2017\/09\/piscina-comunale-campagna-messinaoggiMarcyR-2.jpg","author_info":{"display_name":"red..me","author_link":"https:\/\/www.messinaoggi.it\/website\/author\/redstage\/"},"digistream_id":0,"digistream":false,"_links":{"self":[{"href":"https:\/\/www.messinaoggi.it\/website\/wp-json\/wp\/v2\/posts\/132047"}],"collection":[{"href":"https:\/\/www.messinaoggi.it\/website\/wp-json\/wp\/v2\/posts"}],"about":[{"href":"https:\/\/www.messinaoggi.it\/website\/wp-json\/wp\/v2\/types\/post"}],"author":[{"embeddable":true,"href":"https:\/\/www.messinaoggi.it\/website\/wp-json\/wp\/v2\/users\/8"}],"replies":[{"embeddable":true,"href":"https:\/\/www.messinaoggi.it\/website\/wp-json\/wp\/v2\/comments?post=132047"}],"version-history":[{"count":1,"href":"https:\/\/www.messinaoggi.it\/website\/wp-json\/wp\/v2\/posts\/132047\/revisions"}],"predecessor-version":[{"id":132052,"href":"https:\/\/www.messinaoggi.it\/website\/wp-json\/wp\/v2\/posts\/132047\/revisions\/132052"}],"wp:featuredmedia":[{"embeddable":true,"href":"https:\/\/www.messinaoggi.it\/website\/wp-json\/wp\/v2\/media\/7129"}],"wp:attachment":[{"href":"https:\/\/www.messinaoggi.it\/website\/wp-json\/wp\/v2\/media?parent=132047"}],"wp:term":[{"taxonomy":"category","embeddable":true,"href":"https:\/\/www.messinaoggi.it\/website\/wp-json\/wp\/v2\/categories?post=132047"},{"taxonomy":"post_tag","embeddable":true,"href":"https:\/\/www.messinaoggi.it\/website\/wp-json\/wp\/v2\/tags?post=132047"}],"curies":[{"name":"wp","href":"https:\/\/api.w.org\/{rel}","templated":true}]}}