{"id":131998,"date":"2022-11-29T18:17:52","date_gmt":"2022-11-29T17:17:52","guid":{"rendered":"https:\/\/www.messinaoggi.it\/website\/2022\/11\/29\/mi-riscatto-per-palermo-un-protocollo-per-il-reinserimento-dei-detenuti\/"},"modified":"2022-11-29T18:17:52","modified_gmt":"2022-11-29T17:17:52","slug":"mi-riscatto-per-palermo-un-protocollo-per-il-reinserimento-dei-detenuti","status":"publish","type":"post","link":"https:\/\/www.messinaoggi.it\/website\/2022\/11\/29\/mi-riscatto-per-palermo-un-protocollo-per-il-reinserimento-dei-detenuti\/","title":{"rendered":"\u201cMi riscatto per Palermo\u201d, un protocollo per il reinserimento dei detenuti"},"content":{"rendered":"<div>\n<p>PALERMO (ITALPRESS) \u2013 Il lavoro come dignit\u00e0, il lavoro come reinserimento sociale, il lavoro come consapevolezza di un nuovo s\u00e8: un esperimento che il Comune e il Dipartimento di amministrazione penitenziaria (Dap) portano avanti attraverso il protocollo \u2018Mi riscatto per Palerm\u00f2, che prevede il coinvolgimento di 50 detenuti del carcere Ucciardone in attivit\u00e0 di pubblica utilit\u00e0. Il documento \u00e8 stato firmato nella sala Onu del Teatro Massimo dal primo cittadino Roberto Lagalla e dal delegato del ministero della Giustizia Carlo Renoldi.<br \/>\nIl protocollo \u00e8 reso possibile dalla sottoscrizione, avvenuta nel 2018, dell\u2019articolo 20-ter del Codice di ordinamento penitenziario, finalizzato a garantire lo svolgimento di attivit\u00e0 socialmente utili come forma alternativa alla pena o in conclusione dell\u2019esperienza detentiva. Una prima intesa era arrivata nel 2019, con l\u2019auspicio dell\u2019allora sindaco Leoluca Orlando che Palermo seguisse altre citt\u00e0 italiane che avevano provveduto al coinvolgimento sociale dei detenuti: tuttavia, con l\u2019arrivo della pandemia tali prospettive si erano arenate e solo adesso \u00e8 stato possibile firmare il documento.<br \/>\nLe prime collocazioni dei cinquanta selezionati all\u2019interno dei servizi comunali arriveranno prima di fine anno, stesso periodo in cui dovrebbe insediarsi il nuovo Garante dei diritti dei detenuti di Palermo, il cui nome verr\u00e0 svelato da Lagalla nei prossimi giorni. \u201cCon questo protocollo favoriamo la sperimentazione di nuovi modelli di giustizia riparativa e restituiamo alla societ\u00e0 ci\u00f2 che \u00e8 stato tolto attraverso il delitto commesso \u2013 sottolinea il primo cittadino, \u2013 Chi ha sbagliato non pu\u00f2 rimanere segnato per tutta la vita, altrimenti la pena di morte effettiva si trasforma in pena sociale. Questo documento diventer\u00e0 un modello di giustizia internazionale: Palermo \u00e8 da tempo sede di modelli di questo tipo, lo hanno attestato anche Giovanni Falcone e Paolo Borsellino con l\u2019attuazione del pool antimafia negli anni \u201980\u201d.<br \/>\nLagalla entra poi nello specifico delle attivit\u00e0 in cui saranno coinvolti i detenuti: \u201cFaremo in modo che contribuiscano al decoro urbano, alla salvaguardia del verde, al miglioramento e alla protezione dei luoghi della citt\u00e0. Gli impieghi verranno assegnati in base alla loro vocazione professionale originaria: ridiamo la dignit\u00e0 del lavoro a chi \u00e8 in espiazione di pena e si prepara a essere reinserito nella societ\u00e0, si spera con atteggiamenti profondamente mutati\u201d.<br \/>\nGli fa eco l\u2019assessore comunale all\u2019Innovazione Antonella Tirrito, la quale evidenzia come \u201cquesti programmi di pubblica utilit\u00e0 metteranno i detenuti al servizio della nostra comunit\u00e0 e daranno loro la dignit\u00e0 che meritano\u201d.<br \/>\nLe attivit\u00e0 si svolgeranno su base volontaria e senza retribuzione ma, spiega Renoldi, \u201cin modo da valorizzare la formazione di nuove competenze in vista di un successivo inserimento nel mondo del lavoro. Per chi \u00e8 stato privato della libert\u00e0 \u00e8 un dovere mettersi in gioco\u201d. Il delegato del guardasigilli precisa poi come le persone non saranno scelte arbitrariamente tra tutti i detenuti, ma \u201cin base a una bassa pericolosit\u00e0 penitenziaria e sociale\u201d.<div id=\"div-gpt-ad-Messinaoggi.it-DSK-300x250-corpoart\" style=\"text-align:center;margin:0 auto;\"><\/div><\/p>\n<p>\u2013 foto: xd8\/Italpress<div id=\"videoincontent\" style=\"clear:both\";><\/div><\/p>\n<p>(ITALPRESS)<\/p>\n<\/div>\n","protected":false},"excerpt":{"rendered":"<p>PALERMO (ITALPRESS) \u2013 Il lavoro come dignit\u00e0, il lavoro come reinserimento sociale, il lavoro come consapevolezza di un nuovo s\u00e8: un esperimento che il Comune e il Dipartimento di amministrazione penitenziaria (Dap) portano avanti attraverso il protocollo \u2018Mi riscatto per Palerm\u00f2, che prevede il coinvolgimento di 50 detenuti del carcere Ucciardone in attivit\u00e0 di pubblica [&hellip;]<\/p>\n","protected":false},"author":18,"featured_media":131999,"comment_status":"closed","ping_status":"closed","sticky":false,"template":"","format":"standard","meta":{"ub_ctt_via":"","_mi_skip_tracking":false},"categories":[2449],"tags":[783],"featured_image_src":"https:\/\/www.messinaoggi.it\/website\/wp-content\/uploads\/2022\/11\/Foto-firma-protocollo-detenuti-1.jpg","author_info":{"display_name":"Admin","author_link":"https:\/\/www.messinaoggi.it\/website\/author\/admin\/"},"digistream_id":0,"digistream":false,"_links":{"self":[{"href":"https:\/\/www.messinaoggi.it\/website\/wp-json\/wp\/v2\/posts\/131998"}],"collection":[{"href":"https:\/\/www.messinaoggi.it\/website\/wp-json\/wp\/v2\/posts"}],"about":[{"href":"https:\/\/www.messinaoggi.it\/website\/wp-json\/wp\/v2\/types\/post"}],"author":[{"embeddable":true,"href":"https:\/\/www.messinaoggi.it\/website\/wp-json\/wp\/v2\/users\/18"}],"replies":[{"embeddable":true,"href":"https:\/\/www.messinaoggi.it\/website\/wp-json\/wp\/v2\/comments?post=131998"}],"version-history":[{"count":0,"href":"https:\/\/www.messinaoggi.it\/website\/wp-json\/wp\/v2\/posts\/131998\/revisions"}],"wp:featuredmedia":[{"embeddable":true,"href":"https:\/\/www.messinaoggi.it\/website\/wp-json\/wp\/v2\/media\/131999"}],"wp:attachment":[{"href":"https:\/\/www.messinaoggi.it\/website\/wp-json\/wp\/v2\/media?parent=131998"}],"wp:term":[{"taxonomy":"category","embeddable":true,"href":"https:\/\/www.messinaoggi.it\/website\/wp-json\/wp\/v2\/categories?post=131998"},{"taxonomy":"post_tag","embeddable":true,"href":"https:\/\/www.messinaoggi.it\/website\/wp-json\/wp\/v2\/tags?post=131998"}],"curies":[{"name":"wp","href":"https:\/\/api.w.org\/{rel}","templated":true}]}}