{"id":131802,"date":"2022-11-28T18:02:54","date_gmt":"2022-11-28T17:02:54","guid":{"rendered":"https:\/\/www.messinaoggi.it\/website\/2022\/11\/28\/cobas-codir-potenziare-gli-uffici-della-regione-siciliana-riclassificando-il-personale-esistente\/"},"modified":"2022-11-28T18:58:21","modified_gmt":"2022-11-28T17:58:21","slug":"cobas-codir-potenziare-gli-uffici-della-regione-siciliana-riclassificando-il-personale-esistente","status":"publish","type":"post","link":"https:\/\/www.messinaoggi.it\/website\/2022\/11\/28\/cobas-codir-potenziare-gli-uffici-della-regione-siciliana-riclassificando-il-personale-esistente\/","title":{"rendered":"Cobas Codir \u201cPotenziare gli uffici della Regione Siciliana riclassificando il personale esistente\u201d"},"content":{"rendered":"<div>\n<p>PALERMO (ITALPRESS) \u2013 \u201cOccorre potenziare gli uffici partendo dalla riclassificazione del personale gi\u00e0 esistente anche attraverso i fondi UE\u201d. E\u2019 quanto dichiarano, rivolgendosi alla Regione siciliana, Dario Matranga e Marcello Minio, segretari generali del Cobas Codir, organizzazione sindacale rappresentativa dei dipendenti regionali.<br \/>\u201cLa Regione siciliana si appresta, nell\u2019ambito della prossima programmazione comunitaria con i fondi PO FESR 2021-2027, a utilizzare una porzione di risorse per finanziare nuove assunzioni\u201d, spiegano i due sindacalisti, facendo riferimento ad articoli di stampa. \u201cRivendichiamo, come Cobas\/Codir \u2013 aggiungono -, che si parta innanzitutto dalla valorizzazione, riqualificazione e riclassificazione, in un nuovo sistema classificatorio, di tutto il personale gi\u00e0 in servizio per potenziare la capacit\u00e0 amministrativa della Regione. Necessita, infatti, un\u2019immediata riclassificazione del personale e l\u2019immediata successiva apertura dei concorsi pubblici per tutte le postazioni disponibili\u201d.<br \/>\u201cOltre che per l\u2019 \u2018assistenza tecnic\u00e0 svolta da una societ\u00e0 di servizi (utilizzata, di fatto, come ruota di scorta della Regione per tappare le falle della carenza numerica di personale) sembrerebbe che saranno disponibili anche le risorse per nuove assunzioni \u2013 dichiarano -. A fronte di un programma che dovrebbe arrivare a 6 miliardi di euro, potrebbero essere disponibili quasi 300 milioni di euro: chiediamo, quindi, al presidente Renato Schifani, all\u2019assessore dell\u2019Economia Marco Falcone (che ha la delega sul Dipartimento competente alla Programmazione) e all\u2019assessore della Funzione pubblica Andrea Messina, ma anche al governo regionale nella sua interezza, di inserire \u2013 non solo nell\u2019ambito delle previsioni dei rinnovi dei Contratti collettivi regionali di lavoro (comunque insufficienti), ma anche nell\u2019ambito del Programma da attuare con i fondi UE \u2013 la previsione di risorse per la valorizzazione del personale interno che avrebbero un grande effetto moltiplicatore sulle prestazioni del personale gi\u00e0 in servizio: risorse umane che, pur essendo in possesso dei titoli e della professionalit\u00e0 necessaria e pur svolgendo mansioni superiori da pi\u00f9 di 30 anni anche di livello dirigenziale, non sono per\u00f2 inquadrate nelle posizioni giuridiche ed economiche corrispondenti e necessarie alla stessa Amministrazione e ai cittadini siciliani per il buon andamento dell\u2019Amministrazione. Altrimenti, nel giro di un paio di anni, verr\u00e0 ulteriormente dimezzata la dotazione del personale regionale gi\u00e0 fortemente sotto organico: 10 mila lavoratori che sono attualmente impiegati in circa 400 uffici e servizi presenti in tutta la Sicilia\u201d. <br \/>\u201cRivendichiamo con forza il diritto a percorsi di crescita professionale dei dipendenti regionali cui vengono negati, da pi\u00f9 di trenta anni, legittimi percorsi di carriera e la conseguente necessit\u00e0 della riorganizzazione della macchina amministrativa facendo nuove assunzioni, anche per dare risposta a tanti giovani potenziando con nuove leve la macchina amministrativa\u201d, concludono Dario Matranga e Marcello Minio, segretari generali del Cobas Codir.<br \/>foto ufficio stampa Regione siciliana<br \/>(ITALPRESS).<div id=\"div-gpt-ad-Messinaoggi.it-DSK-300x250-corpoart\" style=\"text-align:center;margin:0 auto;\"><\/div><\/p>\n<\/div>\n<div id=\"videoincontent\" style=\"clear:both\";><\/div>","protected":false},"excerpt":{"rendered":"<p>PALERMO (ITALPRESS) \u2013 \u201cOccorre potenziare gli uffici partendo dalla riclassificazione del personale gi\u00e0 esistente anche attraverso i fondi UE\u201d. E\u2019 quanto dichiarano, rivolgendosi alla Regione siciliana, Dario Matranga e Marcello Minio, segretari generali del Cobas Codir, organizzazione sindacale rappresentativa dei dipendenti regionali.\u201cLa Regione siciliana si appresta, nell\u2019ambito della prossima programmazione comunitaria con i fondi PO [&hellip;]<\/p>\n","protected":false},"author":18,"featured_media":131803,"comment_status":"closed","ping_status":"closed","sticky":false,"template":"","format":"standard","meta":{"ub_ctt_via":"","_mi_skip_tracking":false},"categories":[11,2449],"tags":[783],"featured_image_src":"https:\/\/www.messinaoggi.it\/website\/wp-content\/uploads\/2022\/11\/20221128_1769.jpg","author_info":{"display_name":"Admin","author_link":"https:\/\/www.messinaoggi.it\/website\/author\/admin\/"},"digistream_id":0,"digistream":false,"_links":{"self":[{"href":"https:\/\/www.messinaoggi.it\/website\/wp-json\/wp\/v2\/posts\/131802"}],"collection":[{"href":"https:\/\/www.messinaoggi.it\/website\/wp-json\/wp\/v2\/posts"}],"about":[{"href":"https:\/\/www.messinaoggi.it\/website\/wp-json\/wp\/v2\/types\/post"}],"author":[{"embeddable":true,"href":"https:\/\/www.messinaoggi.it\/website\/wp-json\/wp\/v2\/users\/18"}],"replies":[{"embeddable":true,"href":"https:\/\/www.messinaoggi.it\/website\/wp-json\/wp\/v2\/comments?post=131802"}],"version-history":[{"count":1,"href":"https:\/\/www.messinaoggi.it\/website\/wp-json\/wp\/v2\/posts\/131802\/revisions"}],"predecessor-version":[{"id":131811,"href":"https:\/\/www.messinaoggi.it\/website\/wp-json\/wp\/v2\/posts\/131802\/revisions\/131811"}],"wp:featuredmedia":[{"embeddable":true,"href":"https:\/\/www.messinaoggi.it\/website\/wp-json\/wp\/v2\/media\/131803"}],"wp:attachment":[{"href":"https:\/\/www.messinaoggi.it\/website\/wp-json\/wp\/v2\/media?parent=131802"}],"wp:term":[{"taxonomy":"category","embeddable":true,"href":"https:\/\/www.messinaoggi.it\/website\/wp-json\/wp\/v2\/categories?post=131802"},{"taxonomy":"post_tag","embeddable":true,"href":"https:\/\/www.messinaoggi.it\/website\/wp-json\/wp\/v2\/tags?post=131802"}],"curies":[{"name":"wp","href":"https:\/\/api.w.org\/{rel}","templated":true}]}}