{"id":131750,"date":"2022-11-28T15:07:51","date_gmt":"2022-11-28T14:07:51","guid":{"rendered":"https:\/\/www.messinaoggi.it\/website\/2022\/11\/28\/fiorello-torna-con-viva-rai2-non-guardiamo-in-faccia-nessuno\/"},"modified":"2022-11-28T18:59:31","modified_gmt":"2022-11-28T17:59:31","slug":"fiorello-torna-con-viva-rai2-non-guardiamo-in-faccia-nessuno","status":"publish","type":"post","link":"https:\/\/www.messinaoggi.it\/website\/2022\/11\/28\/fiorello-torna-con-viva-rai2-non-guardiamo-in-faccia-nessuno\/","title":{"rendered":"Fiorello torna con Viva Rai2 \u201cNon guardiamo in faccia nessuno\u201d"},"content":{"rendered":"<div>ROMA (ITALPRESS) &#8211; Per l&#8217;occasione, la Rai ha schierato una serie di direttori che, tutti insieme difficilmente si erano mai visti. Alla conferenza stampa di presentazione di &#8220;Viva Rai2&#8221;, il nuovo show del mattino di Fiorello (su Raidue, dal 5 dicembre, alle 7.15) c&#8217;erano l&#8217;amministratore delegato della Rai Carlo Fuortes, il direttore dell&#8217;Intrattenimento Prime Time Stefano Coletta (con il suo vice Claudio Fasulo), la direttrice dell&#8217;Intrattenimento Day Time Simona Sala, la direttrice di RaiPlay Elena Capparelli e il direttore di Radio Rai Roberto Sergio. \u00abSembra di stare a Sanremo, c&#8217;\u00e8 pi\u00f9 gente qua che la mattina su Raidue!\u00bb ha esclamato Fiorello entrando nella Sala degli Arazzi di Viale Mazzini, dopo essere arrivato in motorino da via Asiago, da dove andr\u00e0 in onda (in diretta) il programma.<br \/>\u00abHo 62 anni e neanche un intervento estetico &#8211; ha scherzato, entrando in Rai &#8211; Ancora reggo il primo piano. Ci sono miei colleghi che il primo piano se lo fanno fare a 700 metri di distanza!\u00bb.<br \/>Per Fiorello Rai2 \u00ab\u00e8 una rete con una storia meravigliosa. E&#8217; stata la rete dell&#8217;innovazione, di Renzo Arbore di &#8220;Quelli della notte&#8221; de &#8220;L&#8217;altra Domenica&#8221;, di &#8220;Quelli che il calcio&#8221;. Noi la trattiamo male ma era la rete giovane. E poi a Raidue siamo tutti belli: io, Stefano Di Martino, Alessandro Cattelan, Milo Infante, Ilaria D&#8217;Amico, Paola Perego, Simona Ventura. Possiamo andare a Milano Moda. Tutti fighi: mancavo io. Guarda Raiuno, invece: Amadeus, Carlo Conti&#8230; Anche l&#8217;estetica mi ha chiamato\u00bb.<br \/>A proposito di Amadeus, Fiorello ha confermato che l&#8217;amico sar\u00e0 presente nella prima puntata di &#8220;Viva Rai2&#8221;: \u00abNon gliel&#8217;ho nemmeno dovuto chiedere. Poi il giorno prima lui dar\u00e0 i nomi del cast di Sanremo. Cosa faremo non lo so, abbiamo 45 minuti. Certo vederlo ballare in mezzo alla strada a via Asiago varrebbe, come si dice, il prezzo del biglietto\u00bb. Lui, invece, quest&#8217;anno non andr\u00e0 al Festival: \u00abE&#8217; impossibile, vado in diretta tutte le mattine alle sette e le puntate vanno preparate. E poi chi fa il mio mestiere non va mai ospite a Sanremo tre volte di seguito. Io ho fatto due Festival pi\u00f9 un&#8217;apertura e uno di questi (quello in piena pandemia, ndr) valeva doppio\u00bb. In qualche modo, per\u00f2, ci sar\u00e0: \u00abManderemo come inviato Gabriele Vagnato, star di Tik Tok che, da solo, fa il doppio di Raidue. Magari faremo anche qualcosa in diretta\u00bb. Sui contenuti di &#8220;Viva Rai2&#8221; \u00e8 impossibile prevedere ma, certo, le sorprese non mancheranno: \u00abDestra, sinistra, centro, noi non guardiamo in faccia nessuno. Lo facciamo senza astio ma senza sottrarci alle polemiche che ci piacciono quando sono sane e costruttive. Viva Rai2 \u00e8 un&#8217;alternativa a quello che solitamente c&#8217;\u00e8 a quell&#8217;ora: c&#8217;\u00e8 l&#8217;informazione, il Tg1, il Tg5 che va fortissimo in quella fascia, e c&#8217;\u00e8 La7. E&#8217; una scelta che il telespettatore far\u00e0: le notizie le guardo pi\u00f9 avanti, ora mi faccio due risate con questi matti\u00bb. Con Fiorello ci sar\u00e0 Fabrizio Biggio e, forse, \u00abin qualche modo arriver\u00e0 anche Francesco Mandelli\u00bb, l&#8217;altra met\u00e0 dei Soliti idioti.<br \/>-foto agenziafotogramma.it-<br \/>(ITALPRESS).<\/div>\n<div id=\"div-gpt-ad-Messinaoggi.it-DSK-300x250-corpoart\" style=\"text-align:center;margin:0 auto;\"><\/div><\/p><div id=\"videoincontent\" style=\"clear:both\";><\/div>","protected":false},"excerpt":{"rendered":"<p>ROMA (ITALPRESS) &#8211; Per l&#8217;occasione, la Rai ha schierato una serie di direttori che, tutti insieme difficilmente si erano mai visti. Alla conferenza stampa di presentazione di &#8220;Viva Rai2&#8221;, il nuovo show del mattino di Fiorello (su Raidue, dal 5 dicembre, alle 7.15) c&#8217;erano l&#8217;amministratore delegato della Rai Carlo Fuortes, il direttore dell&#8217;Intrattenimento Prime Time [&hellip;]<\/p>\n","protected":false},"author":18,"featured_media":131751,"comment_status":"closed","ping_status":"closed","sticky":false,"template":"","format":"standard","meta":{"ub_ctt_via":"","_mi_skip_tracking":false},"categories":[446,17],"tags":[783],"featured_image_src":"https:\/\/www.messinaoggi.it\/website\/wp-content\/uploads\/2022\/11\/20221128_0750.jpg","author_info":{"display_name":"Admin","author_link":"https:\/\/www.messinaoggi.it\/website\/author\/admin\/"},"digistream_id":0,"digistream":false,"_links":{"self":[{"href":"https:\/\/www.messinaoggi.it\/website\/wp-json\/wp\/v2\/posts\/131750"}],"collection":[{"href":"https:\/\/www.messinaoggi.it\/website\/wp-json\/wp\/v2\/posts"}],"about":[{"href":"https:\/\/www.messinaoggi.it\/website\/wp-json\/wp\/v2\/types\/post"}],"author":[{"embeddable":true,"href":"https:\/\/www.messinaoggi.it\/website\/wp-json\/wp\/v2\/users\/18"}],"replies":[{"embeddable":true,"href":"https:\/\/www.messinaoggi.it\/website\/wp-json\/wp\/v2\/comments?post=131750"}],"version-history":[{"count":1,"href":"https:\/\/www.messinaoggi.it\/website\/wp-json\/wp\/v2\/posts\/131750\/revisions"}],"predecessor-version":[{"id":131815,"href":"https:\/\/www.messinaoggi.it\/website\/wp-json\/wp\/v2\/posts\/131750\/revisions\/131815"}],"wp:featuredmedia":[{"embeddable":true,"href":"https:\/\/www.messinaoggi.it\/website\/wp-json\/wp\/v2\/media\/131751"}],"wp:attachment":[{"href":"https:\/\/www.messinaoggi.it\/website\/wp-json\/wp\/v2\/media?parent=131750"}],"wp:term":[{"taxonomy":"category","embeddable":true,"href":"https:\/\/www.messinaoggi.it\/website\/wp-json\/wp\/v2\/categories?post=131750"},{"taxonomy":"post_tag","embeddable":true,"href":"https:\/\/www.messinaoggi.it\/website\/wp-json\/wp\/v2\/tags?post=131750"}],"curies":[{"name":"wp","href":"https:\/\/api.w.org\/{rel}","templated":true}]}}