{"id":131729,"date":"2022-11-28T12:32:51","date_gmt":"2022-11-28T11:32:51","guid":{"rendered":"https:\/\/www.messinaoggi.it\/website\/2022\/11\/28\/fdi-dal-2-al-4-dicembre-a-catania-la-festa-regionale-del-tricolore\/"},"modified":"2022-11-28T12:32:51","modified_gmt":"2022-11-28T11:32:51","slug":"fdi-dal-2-al-4-dicembre-a-catania-la-festa-regionale-del-tricolore","status":"publish","type":"post","link":"https:\/\/www.messinaoggi.it\/website\/2022\/11\/28\/fdi-dal-2-al-4-dicembre-a-catania-la-festa-regionale-del-tricolore\/","title":{"rendered":"Fdi, dal 2 al 4 dicembre a Catania la \u201cFesta regionale del Tricolore\u201d"},"content":{"rendered":"<div>\n<p>CATANIA (ITALPRESS) \u2013 Sei ministri, tre sottosegretari, presidente del Senato e della Regione, quattro assessori regionali, presidente dell\u2019Ars, sindaci, rappresentanti istituzionali e tutti i deputati regionali di Fratelli d\u2019Italia saranno ospiti della \u201cFesta regionale del Tricolore\u201d da venerd\u00ec 2 a domenica 4 dicembre all\u2019Hotel Le Dune di Catania. \u201cUn incontro politico senza precedenti in cui affronteremo svariati argomenti di grande importanza \u2013 ha detto in conferenza stampa Salvo Pogliese, coordinatore regionale di Fratelli d\u2019Italia \u2013 Pnrr, infrastrutture, agricoltura, turismo, scuola e universit\u00e0, ambiente, enti locali saranno al centro dell\u2019attenzione con gli esponenti di riferimento del governo nazionale e regionale e presidenti di commissioni\u201d. <br \/>La tre giorni di eventi e dibattiti prender\u00e0 il via venerd\u00ec 2 alle ore 16 e si concluder\u00e0 domenica alle 20.30: parteciperanno, tra gli altri, il presidente del Senato Ignazio La Russa (previsto sabato alle 11.30), i ministri Adolfo Urso (sviluppo economico), Raffaele Fitto (affari europei), Francesco Lollobrigida (agricoltura), Daniela Santanch\u00e8 (turismo), Nello Musumeci (sud), Andrea Abodi (sport e giovani), i viceministri Maurizio Leo (economia) e Galeazzo Bignami (infrastrutture), la sottosegretaria all\u2019Istruzione Paola Frassinetti, il governatore Renato Schifani, il presidente dell\u2019Assemblea Regionale Siciliana Gaetano Galvagno, gli assessori regionali Elvira Amata (beni culturali), Alessandro Aric\u00f2 (infrastrutture e formazione), Elena Pagana (territorio e ambiente) e Francesco Paolo Scarpinato (turismo), il responsabile nazionale organizzazione del partito Giovanni Donzelli, il coordinatore di Giovent\u00f9 nazionale Fabio Roscani e tutti i parlamentari regionali del partito. <br \/>Alla presentazione dell\u2019iniziativa, nella sede di Fratelli d\u2019Italia a Catania, anche Alberto Cardillo, coordinatore provinciale di FdI Catania e Dario Moscato, coordinatore regionale Giovent\u00f9 nazionale. \u201cSi tratta della prima manifestazione di portata nazionale \u2013 ha evidenziato Cardillo \u2013 che anticipa la celebrazione dei 10 anni del nostro partito che si svolger\u00e0 a Roma. Sabato 3 sono in programma anche l\u2019assemblea dei giovani e quella degli amministratori e poi domenica 4 chiuderemo con l\u2019assemblea dei dirigenti di Fratelli d\u2019Italia a livello regionale coi dirigenti di tutte le provincie siciliane\u201d. Per Moscato: \u201cSar\u00e0 un ampio dibattito politico \u2013 ha sottolineato \u2013 Fratelli d\u2019Italia non \u00e8 mai stato un semplice comitato elettorale ma un vero partito radicato e strutturato nel territorio. Oggi \u00e8 il primo partito della nazione e deve dare risposte concrete ai cittadini\u201d.<div id=\"div-gpt-ad-Messinaoggi.it-DSK-300x250-corpoart\" style=\"text-align:center;margin:0 auto;\"><\/div><\/p>\n<p>\u2013 foto: xd9\/Italpress<div id=\"videoincontent\" style=\"clear:both\";><\/div><\/p>\n<p>(ITALPRESS).<\/p>\n<\/div>\n","protected":false},"excerpt":{"rendered":"<p>CATANIA (ITALPRESS) \u2013 Sei ministri, tre sottosegretari, presidente del Senato e della Regione, quattro assessori regionali, presidente dell\u2019Ars, sindaci, rappresentanti istituzionali e tutti i deputati regionali di Fratelli d\u2019Italia saranno ospiti della \u201cFesta regionale del Tricolore\u201d da venerd\u00ec 2 a domenica 4 dicembre all\u2019Hotel Le Dune di Catania. \u201cUn incontro politico senza precedenti in cui [&hellip;]<\/p>\n","protected":false},"author":18,"featured_media":131730,"comment_status":"closed","ping_status":"closed","sticky":false,"template":"","format":"standard","meta":{"ub_ctt_via":"","_mi_skip_tracking":false},"categories":[2449],"tags":[783],"featured_image_src":"https:\/\/www.messinaoggi.it\/website\/wp-content\/uploads\/2022\/11\/20221128_0339.jpg","author_info":{"display_name":"Admin","author_link":"https:\/\/www.messinaoggi.it\/website\/author\/admin\/"},"digistream_id":0,"digistream":false,"_links":{"self":[{"href":"https:\/\/www.messinaoggi.it\/website\/wp-json\/wp\/v2\/posts\/131729"}],"collection":[{"href":"https:\/\/www.messinaoggi.it\/website\/wp-json\/wp\/v2\/posts"}],"about":[{"href":"https:\/\/www.messinaoggi.it\/website\/wp-json\/wp\/v2\/types\/post"}],"author":[{"embeddable":true,"href":"https:\/\/www.messinaoggi.it\/website\/wp-json\/wp\/v2\/users\/18"}],"replies":[{"embeddable":true,"href":"https:\/\/www.messinaoggi.it\/website\/wp-json\/wp\/v2\/comments?post=131729"}],"version-history":[{"count":0,"href":"https:\/\/www.messinaoggi.it\/website\/wp-json\/wp\/v2\/posts\/131729\/revisions"}],"wp:featuredmedia":[{"embeddable":true,"href":"https:\/\/www.messinaoggi.it\/website\/wp-json\/wp\/v2\/media\/131730"}],"wp:attachment":[{"href":"https:\/\/www.messinaoggi.it\/website\/wp-json\/wp\/v2\/media?parent=131729"}],"wp:term":[{"taxonomy":"category","embeddable":true,"href":"https:\/\/www.messinaoggi.it\/website\/wp-json\/wp\/v2\/categories?post=131729"},{"taxonomy":"post_tag","embeddable":true,"href":"https:\/\/www.messinaoggi.it\/website\/wp-json\/wp\/v2\/tags?post=131729"}],"curies":[{"name":"wp","href":"https:\/\/api.w.org\/{rel}","templated":true}]}}