{"id":131727,"date":"2022-11-28T12:02:51","date_gmt":"2022-11-28T11:02:51","guid":{"rendered":"https:\/\/www.messinaoggi.it\/website\/2022\/11\/28\/palermo-ok-da-giunta-allatto-di-indirizzo-sui-problemi-connessi-alle-nuove-linee-tram\/"},"modified":"2022-11-28T12:02:51","modified_gmt":"2022-11-28T11:02:51","slug":"palermo-ok-da-giunta-allatto-di-indirizzo-sui-problemi-connessi-alle-nuove-linee-tram","status":"publish","type":"post","link":"https:\/\/www.messinaoggi.it\/website\/2022\/11\/28\/palermo-ok-da-giunta-allatto-di-indirizzo-sui-problemi-connessi-alle-nuove-linee-tram\/","title":{"rendered":"Palermo, ok da Giunta all\u2019atto di indirizzo sui problemi connessi alle nuove linee Tram"},"content":{"rendered":"<div>\n<p>PALERMO (ITALPRESS) \u2013 La Giunta Comunale di Palermo presieduta da Roberto Lagalla ha approvato all\u2019unanimit\u00e0 una delibera, proposta dall\u2019Assessore alla mobilit\u00e0 sostenibile Maurizio Carta e dall\u2019Assessore alle attivit\u00e0 produttive Giuliano Forzinetti che contiene un importante atto di indirizzo che risolve alcuni annosi problemi legati alla realizzazione delle nuove linee del tram e permette di indire la gara per la progettazione esecutiva e la conseguente realizzazione delle tratte che renderanno il tram pi\u00f9 sostenibile ed efficiente.<br \/>\nInnanzitutto viene risolto il problema pi\u00f9 volte segnalato dagli esercenti di attivit\u00e0 commerciali e dai gestori di impianti di carburante collocati lungo le future tratte di poter rimanere fino a quando dovranno iniziare realmente i lavori non essendo costretti a rimuovere le strutture con eccessivo anticipo rispetto alla concreta necessit\u00e0 di avere le aree libere. Negli anni scorsi i ritardi maturati dal progetto avrebbero gi\u00e0 costretto gli operatori economici a spostare le loro attivit\u00e0 inutilmente non essendo iniziati i lavori. E anche adesso la complessit\u00e0 del progetto e la necessit\u00e0 di trovare nuove risorse per il completamento suggeriscono di poter agevolare le attivit\u00e0 produttive fino a quando possibile.<br \/>\nL\u2019atto di indirizzo, anche in raccordo con quanto discusso nelle Commissioni Consiliari, consente, infatti, una autorizzazione temporanea al mantenimento delle strutture con impegno all\u2019immediata rimozione quando dovranno iniziare i lavori, garantita da una fideiussione che consenta di pagare i costi di un eventuale intervento sostituivo da parte del Comune.<br \/>\nUn secondo problema di cui \u00e8 stata impostata la soluzione riguarda l\u2019eventuale costo e responsabilit\u00e0 dell\u2019addebito dello spostamento delle sottoreti alle aziende partecipate del Comune. La delibera, ribadendo che il costo, come indica la giurisprudenza, \u00e8 a carico dei soggetti gestori, evidenzia che la norma prevede che le sottoreti siano collocate a pi\u00f9 di un metro dalla superficie stradale mentre la collocazione dei binari del tram richiede uno scavo di non pi\u00f9 di 70 centimetri. Quindi il problema dello spostamento, se tutto \u00e8 stato fatto a norma, non sussiste, se non in casi limitati e specifici la cui risoluzione e costi saranno affrontati in maniera specifica nel rispetto della sostenibilit\u00e0 economica dell\u2019intervento, del bilancio del Comune e della sostenibilit\u00e0 delle Partecipate.<br \/>\nIl problema, quindi, viene riportato alla sua reale quantificazione e specifica soluzione senza farne una questione pregiudiziale che metterebbe in crisi l\u2019opera e le aziende alla ricerca di soluzioni finanziarie non ancora quantificabili.<br \/>\nL\u2019atto di indirizzo, quindi consente di poter indire la gara per le tratte C, B e A (con le prescrizioni gi\u00e0 deliberate in precedenza) e dare seguito al necessario completamento ed efficientamento della rete tranviaria.<br \/>\nIl Sindaco Lagalla dichiara che \u201cquesto atto ancora una volta dimostra l\u2019accuratezza amministrativa di questa Giunta che sta rimettendo sulla corretta strada procedurale importanti progetti a beneficio della citt\u00e0, eliminando tutte quelle criticit\u00e0 che talvolta rendono le grandi opere un insopportabile costo per i cittadini e le imprese prima di produrre i benefici. Certezza amministrativa, sostenibilit\u00e0 economica e rapidit\u00e0 di intervento sono le cifre del buon governo della mia amministrazione che consentir\u00e0 di portare a termine le necessarie grandi opere riducendo al massimo disagi e costi indiretti\u201d.<br \/>\n\u201cE\u2019 un atto di indirizzo rilevante e necessario \u2013 dichiara l\u2019Assessore Carta \u2013 perch\u00e8 consente di dare il via libera a una importante opera di mobilit\u00e0 sostenibile rimuovendo gli ostacoli che ne ritarderebbero l\u2019attuazione e contemporaneamente non costringendo alcune attivit\u00e0 produttive a sostenere anzitempo i costi del loro spostamento in un momento delicato per i settori economici della citt\u00e0. Anche la soluzione individuata per lo spostamento delle sottoreti limita all\u2019eventuale e indispensabile il problema senza sopravvalutarlo cercando soluzioni economicamente rilevanti ma sicuramente non necessarie. Opere di questa natura pretendono una capacit\u00e0 di programmazione, gestione continua e monitoraggio costante dei problemi e non approcci pregiudiziali o superficiali\u201d.<br \/>\nL\u2019Assessore Forzinetti dichiara che \u201cla delibera viene incontro alle esigenze delle realt\u00e0 produttive interessate dalle linee tramviarie, accogliendo la loro disponibilit\u00e0 a liberare le aree quando necessario e non con largo e inutile anticipo, e al contempo individuando le pi\u00f9 efficaci garanzie perch\u00e8 possa essere esercitato un eventuale potere sostitutivo da parte del Comune. Il tram \u00e8 un\u2019opera importante e non deve produrre inutili impatti negativi sul tessuto imprenditoriale che ne riducano la condivisione da parte di tutte le forze sociali ed economiche della citt\u00e0\u201d.<div id=\"div-gpt-ad-Messinaoggi.it-DSK-300x250-corpoart\" style=\"text-align:center;margin:0 auto;\"><\/div><\/p>\n<p>\u2013 foto: agenziafotogramma.it<div id=\"videoincontent\" style=\"clear:both\";><\/div><\/p>\n<p>(ITALPRESS).<\/p>\n<\/div>\n","protected":false},"excerpt":{"rendered":"<p>PALERMO (ITALPRESS) \u2013 La Giunta Comunale di Palermo presieduta da Roberto Lagalla ha approvato all\u2019unanimit\u00e0 una delibera, proposta dall\u2019Assessore alla mobilit\u00e0 sostenibile Maurizio Carta e dall\u2019Assessore alle attivit\u00e0 produttive Giuliano Forzinetti che contiene un importante atto di indirizzo che risolve alcuni annosi problemi legati alla realizzazione delle nuove linee del tram e permette di indire [&hellip;]<\/p>\n","protected":false},"author":18,"featured_media":131728,"comment_status":"closed","ping_status":"closed","sticky":false,"template":"","format":"standard","meta":{"ub_ctt_via":"","_mi_skip_tracking":false},"categories":[2449],"tags":[783],"featured_image_src":"https:\/\/www.messinaoggi.it\/website\/wp-content\/uploads\/2022\/11\/20221128_0276.jpg","author_info":{"display_name":"Admin","author_link":"https:\/\/www.messinaoggi.it\/website\/author\/admin\/"},"digistream_id":0,"digistream":false,"_links":{"self":[{"href":"https:\/\/www.messinaoggi.it\/website\/wp-json\/wp\/v2\/posts\/131727"}],"collection":[{"href":"https:\/\/www.messinaoggi.it\/website\/wp-json\/wp\/v2\/posts"}],"about":[{"href":"https:\/\/www.messinaoggi.it\/website\/wp-json\/wp\/v2\/types\/post"}],"author":[{"embeddable":true,"href":"https:\/\/www.messinaoggi.it\/website\/wp-json\/wp\/v2\/users\/18"}],"replies":[{"embeddable":true,"href":"https:\/\/www.messinaoggi.it\/website\/wp-json\/wp\/v2\/comments?post=131727"}],"version-history":[{"count":0,"href":"https:\/\/www.messinaoggi.it\/website\/wp-json\/wp\/v2\/posts\/131727\/revisions"}],"wp:featuredmedia":[{"embeddable":true,"href":"https:\/\/www.messinaoggi.it\/website\/wp-json\/wp\/v2\/media\/131728"}],"wp:attachment":[{"href":"https:\/\/www.messinaoggi.it\/website\/wp-json\/wp\/v2\/media?parent=131727"}],"wp:term":[{"taxonomy":"category","embeddable":true,"href":"https:\/\/www.messinaoggi.it\/website\/wp-json\/wp\/v2\/categories?post=131727"},{"taxonomy":"post_tag","embeddable":true,"href":"https:\/\/www.messinaoggi.it\/website\/wp-json\/wp\/v2\/tags?post=131727"}],"curies":[{"name":"wp","href":"https:\/\/api.w.org\/{rel}","templated":true}]}}