{"id":131695,"date":"2022-11-28T08:56:47","date_gmt":"2022-11-28T07:56:47","guid":{"rendered":"http:\/\/www.messinaoggi.it\/website\/?p=131695"},"modified":"2022-11-28T09:02:33","modified_gmt":"2022-11-28T08:02:33","slug":"e-morto-gaetano-alessandro-basile-proclama-il-lutto-cittadino","status":"publish","type":"post","link":"https:\/\/www.messinaoggi.it\/website\/2022\/11\/28\/e-morto-gaetano-alessandro-basile-proclama-il-lutto-cittadino\/","title":{"rendered":"Morte Gaetano Alessandro: oggi lutto cittadino"},"content":{"rendered":"\n<p>Lutto cittadino e bandiere a mezz&#8217;asta per la morte di Gaetano Alessandro (a destra nella foto in evidenza), messinese morto sabato scorso a causa di un infarto che aveva dedicato la sua vita alla causa della donazione degli organi. La decisione \u00e8 stata presa per oggi, luned\u00ec 28, dal sindaco Federico Basile, d\u2019intesa con la Giunta comunale, per la celebrazione dei funerali di Alessandro. <div id=\"div-gpt-ad-Messinaoggi.it-DSK-300x250-corpoart\" style=\"text-align:center;margin:0 auto;\"><\/div><\/p>\n\n\n\n<p>L\u2019ordinanza \u00e8 stata disposta in segno di cordoglio, rispetto e commossa partecipazione dell\u2019Amministrazione comunale e della comunit\u00e0 messinese al profondo dolore dei familiari e di quanti hanno avuto l\u2019opportunit\u00e0 di condividere con il compianto Alessandro la sua incessante attivit\u00e0 di sensibilizzazione alla donazione degli organi. Alessandro era stato, tra le altre cose, consulente per la donazione degli organi presso l\u2019assessorato regionale alla Salute.<div id=\"videoincontent\" style=\"clear:both\";><\/div><\/p>\n\n\n\n<p>Alla celebrazione delle esequie, che si terranno oggi, alle ore 15.30 nella chiesa Santa Maria del Ges\u00f9, a Provinciale, sar\u00e0 esposto il Gonfalone della Citt\u00e0. Pertanto, il sindaco invita i concittadini, i titolari di esercizi commerciali, professionali, artigiani, di servizi pubblici e privati e le organizzazioni politiche e sociali a sospendere le attivit\u00e0 in concomitanza con lo svolgimento della cerimonia funebre, o comunque ad esprimere la loro partecipazione al lutto cittadino mediante la sospensione di eventuali attivit\u00e0 ludiche, di feste o atteggiamenti vari che contrastino con il carattere luttuoso della cerimonia.<\/p>\n","protected":false},"excerpt":{"rendered":"<p>Lutto cittadino e bandiere a mezz&#8217;asta per la morte di Gaetano Alessandro (a destra nella foto in evidenza), messinese morto sabato scorso a causa di un infarto che aveva dedicato la sua vita alla causa della donazione degli organi. La decisione \u00e8 stata presa per oggi, luned\u00ec 28, dal sindaco Federico Basile, d\u2019intesa con la [&hellip;]<\/p>\n","protected":false},"author":8,"featured_media":104131,"comment_status":"open","ping_status":"open","sticky":false,"template":"","format":"standard","meta":{"ub_ctt_via":"","_mi_skip_tracking":false},"categories":[6],"tags":[5617,2826,5633],"featured_image_src":"https:\/\/www.messinaoggi.it\/website\/wp-content\/uploads\/2022\/04\/Peppe-Giordano-e-Gaetano-Alessandro.jpg","author_info":{"display_name":"red..me","author_link":"https:\/\/www.messinaoggi.it\/website\/author\/redstage\/"},"digistream_id":0,"digistream":false,"_links":{"self":[{"href":"https:\/\/www.messinaoggi.it\/website\/wp-json\/wp\/v2\/posts\/131695"}],"collection":[{"href":"https:\/\/www.messinaoggi.it\/website\/wp-json\/wp\/v2\/posts"}],"about":[{"href":"https:\/\/www.messinaoggi.it\/website\/wp-json\/wp\/v2\/types\/post"}],"author":[{"embeddable":true,"href":"https:\/\/www.messinaoggi.it\/website\/wp-json\/wp\/v2\/users\/8"}],"replies":[{"embeddable":true,"href":"https:\/\/www.messinaoggi.it\/website\/wp-json\/wp\/v2\/comments?post=131695"}],"version-history":[{"count":3,"href":"https:\/\/www.messinaoggi.it\/website\/wp-json\/wp\/v2\/posts\/131695\/revisions"}],"predecessor-version":[{"id":131700,"href":"https:\/\/www.messinaoggi.it\/website\/wp-json\/wp\/v2\/posts\/131695\/revisions\/131700"}],"wp:featuredmedia":[{"embeddable":true,"href":"https:\/\/www.messinaoggi.it\/website\/wp-json\/wp\/v2\/media\/104131"}],"wp:attachment":[{"href":"https:\/\/www.messinaoggi.it\/website\/wp-json\/wp\/v2\/media?parent=131695"}],"wp:term":[{"taxonomy":"category","embeddable":true,"href":"https:\/\/www.messinaoggi.it\/website\/wp-json\/wp\/v2\/categories?post=131695"},{"taxonomy":"post_tag","embeddable":true,"href":"https:\/\/www.messinaoggi.it\/website\/wp-json\/wp\/v2\/tags?post=131695"}],"curies":[{"name":"wp","href":"https:\/\/api.w.org\/{rel}","templated":true}]}}