{"id":131674,"date":"2022-11-27T20:35:08","date_gmt":"2022-11-27T19:35:08","guid":{"rendered":"http:\/\/www.messinaoggi.it\/website\/?p=131674"},"modified":"2022-11-27T20:35:11","modified_gmt":"2022-11-27T19:35:11","slug":"colletta-alimentare-raccolti-367mila-chili-di-alimenti-in-sicilia","status":"publish","type":"post","link":"https:\/\/www.messinaoggi.it\/website\/2022\/11\/27\/colletta-alimentare-raccolti-367mila-chili-di-alimenti-in-sicilia\/","title":{"rendered":"Colletta Alimentare: raccolti 367mila chili di alimenti in Sicilia"},"content":{"rendered":"\n<p>La\u00a0<strong>Giornata nazionale della Colletta Alimentare<\/strong>\u00a0\u00e8 ripartita senza le restrizioni determinate dal Covid degli ultimi due anni: una giornata resa possibile dalle tantissime persone che hanno scelto ancora una volta di rimboccarsi le maniche, di coinvolgersi direttamente senza delegare ad altri la responsabilit\u00e0 di un gesto di solidariet\u00e0 capace di educare alla carit\u00e0 e quindi costruire.<div id=\"div-gpt-ad-Messinaoggi.it-DSK-300x250-corpoart\" style=\"text-align:center;margin:0 auto;\"><\/div><\/p>\n\n\n\n<p>Grande la disponibilit\u00e0 e l\u2019entusiasmo dei volontari e tante le testimonianze di persone che con generosit\u00e0 hanno donato. In una situazione di evidente difficolt\u00e0 economica, conforta il fatto che le quantit\u00e0 <strong>raccolte <\/strong>siano state <strong>circa 6.700 tonnellate<\/strong>.<div id=\"videoincontent\" style=\"clear:both\";><\/div><\/p>\n\n\n\n<p><strong>In Sicilia sono stati raccolti 367.697 chilogrammi. Questo il dettaglio in kg per provincia: Agrigento 31.353; Caltanissetta 19.237; Catania 85.945; Enna 13.081; Messina 49.077; Palermo 75.480; Ragusa 23.394; Siracusa 24.104; Trapani 46.028.<\/strong><\/p>\n\n\n\n<p>Mai come in questo anno tante le persone che si scusavano con lo sguardo dispiaciuto della loro impossibilit\u00e0 a donare qualcosa in pi\u00f9: segno di una generosit\u00e0, di una preoccupazione per gli altri, di un attaccamento alla Colletta, ma anche di prospettive preoccupanti.<\/p>\n\n\n\n<p>Del resto in questi mesi le persone che si sono rivolte alle strutture caritative sostenute dal Banco Alimentare sono aumentate di circa 85mila unit\u00e0, raggiungendo un totale di 1milione 750mila assistiti. Numerose le telefonate arrivate anche in questi giorni al centralino di Banco Alimentare e i messaggi ricevuti da persone che chiedevano con urgenza dove poter trovare aiuto alimentare.<\/p>\n\n\n\n<p>\u00abTutti hanno donato, anche solo un pacco di ceci ma ciascuno ha partecipato alla Colletta Alimentare &#8211; afferma <strong>Pietro Maugeri presidente del Banco Alimentare della Sicilia ODV<\/strong> &#8211; con ci\u00f2 che ha potuto donare. Senza dubbio l&#8217;allerta meteo arancione ha pesantemente condizionato il risultato di quest&#8217;anno, ci\u00f2 nonostante il cuore dei siciliani \u00e8 stato grande. Abbiamo avuto solo un calo del 6% a livello regionale nonostante un tasso di inflazione a doppia cifra sui beni alimentari. Vorrei aggiungere che ieri, girando tra i volontari di molti supermercati ho avuto modo di ascoltare storie di vita e di carit\u00e0 che mi hanno davvero commosso\u00bb.<\/p>\n\n\n\n<p>Oltre che di persona, anche via social abbiamo ricevuto molte attestazioni di riconoscenza di cui siamo grati. Toccante la testimonianza di una persona che riceve aiuto alimentare che ci ha scritto \u201cc&#8217;\u00e8 una bella catena di umanit\u00e0 fra i volontari e colgo l&#8217;occasione per ringraziarli tutti ma proprio tutti per quanto amore e sincerit\u00e0 mettono ad aiutarci e non farci sentire dei <em>falliti\u201d.<\/em><\/p>\n\n\n\n<p>Il grave maltempo su tutto il Sud, che purtroppo ha fatto anche vittime, il cui pensiero ha accompagnato tutti durante la giornata, ha rappresentato un limite alle attivit\u00e0 della Colletta che ha registrato solo una lieve flessione del donato pari a circa il 4% in meno rispetto al 2021, con un incremento per\u00f2 del valore raccolto, considerando che l&#8217;inflazione ha superato per gli alimenti il +13.5%.<\/p>\n\n\n\n<p>Tutto questo ci sprona a continuare il nostro quotidiano lavoro di raccolta e distribuzione delle eccedenze nella filiera agroalimentare. Ma anche ad invitare tutti a proseguire la <strong>Colletta online sulle piattaforme Amazon, Carrefour, Easycoop e Esselunga<\/strong>: una ulteriore occasione per aiutarci ancora a sostenere chi si trova in difficolt\u00e0.<\/p>\n\n\n\n<p>Ringraziamo tutti coloro che con il loro impegno e il loro sacrificio hanno reso possibile il manifestarsi di una cos\u00ec grande condivisione e solidariet\u00e0.<\/p>\n","protected":false},"excerpt":{"rendered":"<p>La\u00a0Giornata nazionale della Colletta Alimentare\u00a0\u00e8 ripartita senza le restrizioni determinate dal Covid degli ultimi due anni: una giornata resa possibile dalle tantissime persone che hanno scelto ancora una volta di rimboccarsi le maniche, di coinvolgersi direttamente senza delegare ad altri la responsabilit\u00e0 di un gesto di solidariet\u00e0 capace di educare alla carit\u00e0 e quindi costruire. [&hellip;]<\/p>\n","protected":false},"author":4,"featured_media":131675,"comment_status":"open","ping_status":"open","sticky":false,"template":"","format":"standard","meta":{"ub_ctt_via":"","_mi_skip_tracking":false},"categories":[6],"tags":[4580,3587],"featured_image_src":"https:\/\/www.messinaoggi.it\/website\/wp-content\/uploads\/2022\/11\/CS_13-27.11.2022-I-pacchi-divisi-per-tipo.jpeg","author_info":{"display_name":"redme","author_link":"https:\/\/www.messinaoggi.it\/website\/author\/redme\/"},"digistream_id":0,"digistream":false,"_links":{"self":[{"href":"https:\/\/www.messinaoggi.it\/website\/wp-json\/wp\/v2\/posts\/131674"}],"collection":[{"href":"https:\/\/www.messinaoggi.it\/website\/wp-json\/wp\/v2\/posts"}],"about":[{"href":"https:\/\/www.messinaoggi.it\/website\/wp-json\/wp\/v2\/types\/post"}],"author":[{"embeddable":true,"href":"https:\/\/www.messinaoggi.it\/website\/wp-json\/wp\/v2\/users\/4"}],"replies":[{"embeddable":true,"href":"https:\/\/www.messinaoggi.it\/website\/wp-json\/wp\/v2\/comments?post=131674"}],"version-history":[{"count":1,"href":"https:\/\/www.messinaoggi.it\/website\/wp-json\/wp\/v2\/posts\/131674\/revisions"}],"predecessor-version":[{"id":131676,"href":"https:\/\/www.messinaoggi.it\/website\/wp-json\/wp\/v2\/posts\/131674\/revisions\/131676"}],"wp:featuredmedia":[{"embeddable":true,"href":"https:\/\/www.messinaoggi.it\/website\/wp-json\/wp\/v2\/media\/131675"}],"wp:attachment":[{"href":"https:\/\/www.messinaoggi.it\/website\/wp-json\/wp\/v2\/media?parent=131674"}],"wp:term":[{"taxonomy":"category","embeddable":true,"href":"https:\/\/www.messinaoggi.it\/website\/wp-json\/wp\/v2\/categories?post=131674"},{"taxonomy":"post_tag","embeddable":true,"href":"https:\/\/www.messinaoggi.it\/website\/wp-json\/wp\/v2\/tags?post=131674"}],"curies":[{"name":"wp","href":"https:\/\/api.w.org\/{rel}","templated":true}]}}