{"id":131667,"date":"2022-11-27T18:15:39","date_gmt":"2022-11-27T17:15:39","guid":{"rendered":"http:\/\/www.messinaoggi.it\/website\/?p=131667"},"modified":"2022-11-27T18:15:40","modified_gmt":"2022-11-27T17:15:40","slug":"premio-citta-di-praga-spazio-macos-in-viaggio","status":"publish","type":"post","link":"https:\/\/www.messinaoggi.it\/website\/2022\/11\/27\/premio-citta-di-praga-spazio-macos-in-viaggio\/","title":{"rendered":"Premio Citt\u00e0 di Praga, Spazio Macos in viaggio"},"content":{"rendered":"\n<p>Spazio Macos presenta la seconda edizione del Premio \u201cCitt\u00e0 di Praga\u201d<div id=\"div-gpt-ad-Messinaoggi.it-DSK-300x250-corpoart\" style=\"text-align:center;margin:0 auto;\"><\/div><\/p>\n\n\n\n<p><strong><em>Da gioved\u00ec 01 a domenica 4 dicembre 2022 la galleria d\u2019arte Spazio Macos da Messina a Praga con la Seconda edizione del Premio \u201cCitt\u00e0 di Praga\u201d, a cura di Mamy Costa \u2026<\/em><\/strong><div id=\"videoincontent\" style=\"clear:both\";><\/div><\/p>\n\n\n\n<p>Al via un prestigioso vernissage gioved\u00ec 01 dicembre 2022, ore 18.00 con diretta FB, per i 12 artisti selezionati nella <strong>Seconda edizione<\/strong> del <strong>Premio<\/strong> \u201c<strong>Citt\u00e0 di Praga<\/strong>\u201d, che vedranno le proprie opere in videoesposizione alla <strong>Tower Park Praha.<\/strong><\/p>\n\n\n\n<p>Presenteranno la mostra il dr. <strong>Luca Briante<\/strong> e la <strong>d.ssa Anna Wojtkova\u2019<\/strong>, referenti all\u2019estero della galleria messinese <strong>Spazio Macos<\/strong>, davanti ad un folto pubblico fra cui esponenti dell\u2019ambiente artistico-culturale ceco.<\/p>\n\n\n\n<p>Dichiara <strong>Mamy Costa,<\/strong> curatrice della mostra:<\/p>\n\n\n\n<p>\u201c<em>Il nuovo progetto Premio \u201c<strong>Citt\u00e0 di Praga<\/strong>\u201d, promosso da <strong>Spazio Macos<\/strong>, \u00e8 una grande occasione per essere protagonisti nello scenario culturale di una delle pi\u00f9 belle citt\u00e0 d\u2019Europa.<\/em><\/p>\n\n\n\n<p><em>Nella bellissima <strong>Tower Park Praha<\/strong>, da dove si ammira il panorama dell\u2019intera citt\u00e0, sar\u00e0 ospitata la videoesposizione dell\u2019operato di un numero selezionato di artisti, il cui impegno \u00e8 prova del valore della loro creativit\u00e0  nel mondo.<\/em><\/p>\n\n\n\n<p><em>Un grande appuntamento ideato e curato per offrire all\u2019artista, ammesso al progetto, una divulgazione completa delle sue opere.<\/em><\/p>\n\n\n\n<p><em>La videoesposizione, che girer\u00e0 in loop negli orari di apertura della Tower, sar\u00e0 corredata da un elegante catalogo, mentre le opere potranno essere ammirate in tutto il mondo tramite i social.<\/em><\/p>\n\n\n\n<p><em>L\u2019evento \u00e8 supportato dalla collaborazione di alcuni esponenti dell\u2019ambiente artistico-culturale ceco<\/em>.\u201d<\/p>\n\n\n\n<p><strong>La Tower Park Praha \u00e8 la location \u201cfuori porta\u201d del Premio \u201cCitt\u00e0 di Praga\u201d<\/strong><\/p>\n\n\n\n<p><em>\u2026Non ci sono limiti che l\u2019arte non possa superare<\/em><\/p>\n\n\n\n<p><em>e culture diverse che l\u2019arte non possa raccontare\u2026<\/em><\/p>\n\n\n\n<p>Sotto il segno dell\u2019arte e della bellezza divulgate \u201cfuori porta\u201d si rinnova la <em>mission<\/em>del<strong> Premio \u201cCitt\u00e0 di Praga\u201d<\/strong>.<\/p>\n\n\n\n<p>Non a caso la <strong>Tower Park Praha<\/strong> \u00e8 la location dell\u2019evento, quale osservatorio a 360\u00b0 sulla citt\u00e0 di Praga, rappresentando l\u2019ambiziosa finalit\u00e0 del <strong>Premio \u201cCitt\u00e0 di Praga\u201d<\/strong>:<\/p>\n\n\n\n<p>interfacciare gli artisti abitanti il pianeta della bellezza creativa e raggiungere il pi\u00f9 vasto pubblico tramite i social network.<\/p>\n\n\n\n<p>I dieci <strong><em>miminka babies <\/em><\/strong>di <strong>David \u010cern\u00fd, <\/strong>lesculture di colore nero installate nel 2000, lunghe cm. 350 e alte cm. 260, si arrampicano deformi con la faccia segnata da codici a barre sulle tre colonne in cemento armato ed acciaio, progettate dall\u2019architetto <em>Aulick\u00fd<\/em> con l\u2019ingegnere strutturale <em>Ji\u0159\u00ed Koz\u00e1k<\/em>,facendo della <strong>Torre \u017di\u017ekov<\/strong> l\u2019edificio iconico e pi\u00f9 alto di Praga, contando un&#8217;altezza di 216 metri.<\/p>\n\n\n\n<p>Il ristorante al coperto con vista su Praga e bar <strong><em>Oblaca<\/em><\/strong> con il <strong>Miminoo<\/strong> <strong>Garden<\/strong>, oasi verde al confine tra Vinohrad e \u017di\u017ekov, un hotel di lusso tra le nuvole, un bistrot a 66 metri di altezza e un minigolf all&#8217;aperto sono tra le tappe in stile futuristico che portano in vetta, fino al trasmettitore televisivo in azione dal maggio 1991.<\/p>\n\n\n\n<p>Spazio Macos torna con il Premio \u201cCitt\u00e0 di Praga\u201d in una capitale europea che dal 22 febbraio scorso torna ad essere <strong>Kunsthalle Praha<\/strong>, promossa dalla Pudil Family Foundation, organizzazione non profit fondata dal 2014 da Petr Pudil e Pavl\u00edna Pudil per sostenere ogni espressione dell&#8217;arte contemporanea.<\/p>\n\n\n\n<p>Praga \u00e8 da sempre crocevia multiculturale in Europa e con la <strong>Kunsthalle<\/strong> aspira ad essere un laboratorio d\u2019arte attento ai temi di attualit\u00e0 e al dialogo creativo.<\/p>\n\n\n\n<p>Non a caso si adopera il termine tedesco,<strong> Kunsthalle, che significa galleria d\u2019arte, <\/strong>per evocare la mescolanza delle radici storico-culturali di Praga e la <em>mission<\/em> di ciascuna galleria d\u2019arte nel veicolare ed intercettare i nuovi linguaggi artistici.<\/p>\n\n\n\n<p>In questo scenario, sospeso tra la terra e il cielo, verr\u00e0 allestita la videoesposizione delle opere di artisti provenienti da tutta Italia e dall\u2019Estero, distinti da stili e tecniche diversi.<\/p>\n\n\n\n<figure class=\"wp-block-image size-large\"><img loading=\"lazy\" width=\"559\" height=\"960\" src=\"http:\/\/www.messinaoggi.it\/website\/wp-content\/uploads\/2022\/11\/316247723_10226807752411583_8894253221222792776_n-Copia.jpg\" alt=\"\" class=\"wp-image-131670\" srcset=\"https:\/\/www.messinaoggi.it\/website\/wp-content\/uploads\/2022\/11\/316247723_10226807752411583_8894253221222792776_n-Copia.jpg 559w, https:\/\/www.messinaoggi.it\/website\/wp-content\/uploads\/2022\/11\/316247723_10226807752411583_8894253221222792776_n-Copia-175x300.jpg 175w\" sizes=\"(max-width: 559px) 100vw, 559px\" \/><\/figure>\n\n\n\n<p><strong>Gli artisti selezionati<\/strong><strong><\/strong><\/p>\n\n\n\n<p><strong>Alberto Avila (ME), Maria Barisani (TO), Maril\u00f9 Caminiti (RC), Elena Giambenedetti (PI), Maddalena Governi (SI), Inbal Kristin (Ashkelon Israele), Anna Maria Lopes (BA), Raffaella Martinelli (BO), Giuseppina Montopoli (MC), Ornella Ogliari (MI), Kety Olivieri (LU), Nicoletta Vitale (UD).<\/strong><\/p>\n\n\n\n<p>Gli artisti riceveranno tutti il <strong>Premio \u201cCitt\u00e0 di Praga\u201d<\/strong> e 2 copie del catalogo.<\/p>\n","protected":false},"excerpt":{"rendered":"<p>Spazio Macos presenta la seconda edizione del Premio \u201cCitt\u00e0 di Praga\u201d Da gioved\u00ec 01 a domenica 4 dicembre 2022 la galleria d\u2019arte Spazio Macos da Messina a Praga con la Seconda edizione del Premio \u201cCitt\u00e0 di Praga\u201d, a cura di Mamy Costa \u2026 Al via un prestigioso vernissage gioved\u00ec 01 dicembre 2022, ore 18.00 con [&hellip;]<\/p>\n","protected":false},"author":15,"featured_media":131670,"comment_status":"open","ping_status":"open","sticky":false,"template":"","format":"standard","meta":{"ub_ctt_via":"","_mi_skip_tracking":false},"categories":[16],"tags":[5629,5627,5631,5630],"featured_image_src":"https:\/\/www.messinaoggi.it\/website\/wp-content\/uploads\/2022\/11\/316247723_10226807752411583_8894253221222792776_n-Copia.jpg","author_info":{"display_name":"red.me","author_link":"https:\/\/www.messinaoggi.it\/website\/author\/red-me\/"},"digistream_id":0,"digistream":false,"_links":{"self":[{"href":"https:\/\/www.messinaoggi.it\/website\/wp-json\/wp\/v2\/posts\/131667"}],"collection":[{"href":"https:\/\/www.messinaoggi.it\/website\/wp-json\/wp\/v2\/posts"}],"about":[{"href":"https:\/\/www.messinaoggi.it\/website\/wp-json\/wp\/v2\/types\/post"}],"author":[{"embeddable":true,"href":"https:\/\/www.messinaoggi.it\/website\/wp-json\/wp\/v2\/users\/15"}],"replies":[{"embeddable":true,"href":"https:\/\/www.messinaoggi.it\/website\/wp-json\/wp\/v2\/comments?post=131667"}],"version-history":[{"count":1,"href":"https:\/\/www.messinaoggi.it\/website\/wp-json\/wp\/v2\/posts\/131667\/revisions"}],"predecessor-version":[{"id":131671,"href":"https:\/\/www.messinaoggi.it\/website\/wp-json\/wp\/v2\/posts\/131667\/revisions\/131671"}],"wp:featuredmedia":[{"embeddable":true,"href":"https:\/\/www.messinaoggi.it\/website\/wp-json\/wp\/v2\/media\/131670"}],"wp:attachment":[{"href":"https:\/\/www.messinaoggi.it\/website\/wp-json\/wp\/v2\/media?parent=131667"}],"wp:term":[{"taxonomy":"category","embeddable":true,"href":"https:\/\/www.messinaoggi.it\/website\/wp-json\/wp\/v2\/categories?post=131667"},{"taxonomy":"post_tag","embeddable":true,"href":"https:\/\/www.messinaoggi.it\/website\/wp-json\/wp\/v2\/tags?post=131667"}],"curies":[{"name":"wp","href":"https:\/\/api.w.org\/{rel}","templated":true}]}}