{"id":131654,"date":"2022-11-27T17:07:57","date_gmt":"2022-11-27T16:07:57","guid":{"rendered":"https:\/\/www.messinaoggi.it\/website\/2022\/11\/27\/frana-a-ischia-de-luca-demolire-alloggi-costruiti-in-zone-a-rischio\/"},"modified":"2022-11-27T17:07:57","modified_gmt":"2022-11-27T16:07:57","slug":"frana-a-ischia-de-luca-demolire-alloggi-costruiti-in-zone-a-rischio","status":"publish","type":"post","link":"https:\/\/www.messinaoggi.it\/website\/2022\/11\/27\/frana-a-ischia-de-luca-demolire-alloggi-costruiti-in-zone-a-rischio\/","title":{"rendered":"Frana a Ischia, De Luca \u201cDemolire alloggi costruiti in zone a rischio\u201d"},"content":{"rendered":"<div>ROMA (ITALPRESS) &#8211; &#8220;Come Regione abbiamo chiesto lo stato di calamit\u00e0, la nomina di un commissario di governo per l&#8217;aspetto idrogeologico e risorse aggiuntive per completare questo intervento, rispetto a quelle stanziate dalla Regione Campania. Servono politiche di medio-lungo periodo, stanziamenti imponenti, ultradecennali, apparati pubblici che funzionano, e norme di semplificazione radicale&#8221;. Cos\u00ec il presidente della Regione Campania, Vincenzo De Luca, a Rainews24, a proposito della situazione a Ischia. &#8220;Bisogna avere il coraggio di parlare chiaro ai cittadini, non \u00e8 facile ma dobbiamo decidere: in alcune zone per ragioni idrogeologiche non si pu\u00f2 tornare ad abitare. La nostra proposta &#8211; ha spiegato &#8211; \u00e8 chiara e semplice: bisogna demolire gli alloggi costruiti sui greti dei fiumi, in aree idrogeologiche delicate e insostenibili, in zone a vincolo assoluto, su aree demaniali o costruite da aziende della camorra&#8221;. Per De Luca &#8220;l&#8217;abusivismo di necessit\u00e0 non esiste, esiste la condizione sociale di necessit\u00e0, ma l&#8217;abusivismo \u00e8 sempre illegale. Dobbiamo demolire queste fattispecie, poi per altre migliaia di abusivismi che registriamo vediamo di comprenderli in piani di recupero da far fare ai Comuni in maniera da sanare le situazioni sanabili, al netto di quelle non sanabili che devono portare alle demolizioni&#8221;, ha concluso il governatore.<br \/>(ITALPRESS).<br \/>-foto agenziafotogramma.it-<\/div>\n<div id=\"div-gpt-ad-Messinaoggi.it-DSK-300x250-corpoart\" style=\"text-align:center;margin:0 auto;\"><\/div><\/p><div id=\"videoincontent\" style=\"clear:both\";><\/div>","protected":false},"excerpt":{"rendered":"<p>ROMA (ITALPRESS) &#8211; &#8220;Come Regione abbiamo chiesto lo stato di calamit\u00e0, la nomina di un commissario di governo per l&#8217;aspetto idrogeologico e risorse aggiuntive per completare questo intervento, rispetto a quelle stanziate dalla Regione Campania. Servono politiche di medio-lungo periodo, stanziamenti imponenti, ultradecennali, apparati pubblici che funzionano, e norme di semplificazione radicale&#8221;. Cos\u00ec il presidente [&hellip;]<\/p>\n","protected":false},"author":18,"featured_media":131655,"comment_status":"closed","ping_status":"closed","sticky":false,"template":"","format":"standard","meta":{"ub_ctt_via":"","_mi_skip_tracking":false},"categories":[446],"tags":[783],"featured_image_src":"https:\/\/www.messinaoggi.it\/website\/wp-content\/uploads\/2022\/11\/20221127_1074.jpg","author_info":{"display_name":"Admin","author_link":"https:\/\/www.messinaoggi.it\/website\/author\/admin\/"},"digistream_id":0,"digistream":false,"_links":{"self":[{"href":"https:\/\/www.messinaoggi.it\/website\/wp-json\/wp\/v2\/posts\/131654"}],"collection":[{"href":"https:\/\/www.messinaoggi.it\/website\/wp-json\/wp\/v2\/posts"}],"about":[{"href":"https:\/\/www.messinaoggi.it\/website\/wp-json\/wp\/v2\/types\/post"}],"author":[{"embeddable":true,"href":"https:\/\/www.messinaoggi.it\/website\/wp-json\/wp\/v2\/users\/18"}],"replies":[{"embeddable":true,"href":"https:\/\/www.messinaoggi.it\/website\/wp-json\/wp\/v2\/comments?post=131654"}],"version-history":[{"count":0,"href":"https:\/\/www.messinaoggi.it\/website\/wp-json\/wp\/v2\/posts\/131654\/revisions"}],"wp:featuredmedia":[{"embeddable":true,"href":"https:\/\/www.messinaoggi.it\/website\/wp-json\/wp\/v2\/media\/131655"}],"wp:attachment":[{"href":"https:\/\/www.messinaoggi.it\/website\/wp-json\/wp\/v2\/media?parent=131654"}],"wp:term":[{"taxonomy":"category","embeddable":true,"href":"https:\/\/www.messinaoggi.it\/website\/wp-json\/wp\/v2\/categories?post=131654"},{"taxonomy":"post_tag","embeddable":true,"href":"https:\/\/www.messinaoggi.it\/website\/wp-json\/wp\/v2\/tags?post=131654"}],"curies":[{"name":"wp","href":"https:\/\/api.w.org\/{rel}","templated":true}]}}