{"id":13154,"date":"2017-12-16T10:33:21","date_gmt":"2017-12-16T09:33:21","guid":{"rendered":"http:\/\/www.messinaoggi.it\/website\/?p=13154"},"modified":"2017-12-16T10:33:21","modified_gmt":"2017-12-16T09:33:21","slug":"refezione-scolastica-pubblicato-bando-di-gara-a-gennaio-riparte-il-servizio","status":"publish","type":"post","link":"https:\/\/www.messinaoggi.it\/website\/2017\/12\/16\/refezione-scolastica-pubblicato-bando-di-gara-a-gennaio-riparte-il-servizio\/","title":{"rendered":"Refezione scolastica, pubblicato bando di gara. A gennaio riparte il servizio"},"content":{"rendered":"<p lang=\"it-IT\"><span style=\"font-family: Arial, sans-serif\"><span style=\"font-size: medium\">Era ora. Gli ottanta lavoratori del servizio mensa nelle scuole non possono che esultare: \u00e8 arrivata finalmente la pubblicazione del bando di gara. Pertanto, dopo un anno e mezzo dalla sospensione del servizio di refezione scolastica, potranno finalmente tornare a lavorare. Al riguardo, grande soddisfazione esprime la Filcams Cgil di Messina, da sempre in prima linea nella relativa vertenza: &#8220;<span style=\"color: #000000\">Si sblocca cos\u00ec \u2013 evidenzia Francesco Lucchesi, segretario generale della sezione messinese della Filcams \u2013 la vertenza mensa con una prossima gestione pluriennale cos\u00ec come sempre rivendicato dal sindacato&#8221;.<\/span><\/span><\/span><div id=\"div-gpt-ad-Messinaoggi.it-DSK-300x250-corpoart\" style=\"text-align:center;margin:0 auto;\"><\/div><\/p>\n<p lang=\"it-IT\"><span style=\"font-family: Arial, sans-serif\"><span style=\"font-size: medium\"><span style=\"color: #000000\">&#8220;Siamo pienamente soddisfatti per il rispetto degli impegni presi dall&#8217;assessore alle Politiche scolastiche Alagna e per le garanzie per i lavoratori con l\u2019inserimento dell\u2019elenco del personale impegnato a salvaguardia dell\u2019occupazione. Adesso auspichiamo che i tempi tecnici siano strettamente quelli previsti. <\/span><\/span><\/span><div id=\"videoincontent\" style=\"clear:both\";><\/div><\/p>\n<p lang=\"it-IT\"><span style=\"font-family: Arial, sans-serif\"><span style=\"font-size: medium\"><span style=\"color: #000000\">Abbiamo portato avanti una forte mobilitazione per la ripresa delle attivit\u00e0 e per dare stabilit\u00e0 a un servizio che d\u00e0 posti di lavoro, che si rivolge a piccoli utenti e che ha una rilevante ricaduta sociale. Un servizio atteso da tanti bambini, dalle famiglie molte delle quali esenti e dal personale scolastico che in questi anni di continue interruzioni della mensa sono andati incontro a diversi disagi.<\/span><\/span><\/span><\/p>\n<p lang=\"it-IT\"><span style=\"font-family: Arial, sans-serif\"><span style=\"font-size: medium\"><span style=\"color: #000000\">Adesso \u2013 conclude Lucchesi \u2013 proseguiremo l\u2019azione di vigilanza sull\u2019iter avviato dal<br \/>\nComune e che dovrebbe concludersi entro gennaio&#8221;. <\/span><\/span><\/span><\/p>\n","protected":false},"excerpt":{"rendered":"<p>Era ora. Gli ottanta lavoratori del servizio mensa nelle scuole non possono che esultare: \u00e8 arrivata finalmente la pubblicazione del bando di gara. Pertanto, dopo un anno e mezzo dalla sospensione del servizio di refezione scolastica, potranno finalmente tornare a lavorare. Al riguardo, grande soddisfazione esprime la Filcams Cgil di Messina, da sempre in prima [&hellip;]<\/p>\n","protected":false},"author":8,"featured_media":9517,"comment_status":"closed","ping_status":"open","sticky":false,"template":"","format":"standard","meta":{"ub_ctt_via":"","_mi_skip_tracking":false},"categories":[6],"tags":[],"featured_image_src":"https:\/\/www.messinaoggi.it\/website\/wp-content\/uploads\/2017\/10\/mensa-refezione-scolastica.jpg","author_info":{"display_name":"red..me","author_link":"https:\/\/www.messinaoggi.it\/website\/author\/redstage\/"},"digistream_id":0,"digistream":false,"_links":{"self":[{"href":"https:\/\/www.messinaoggi.it\/website\/wp-json\/wp\/v2\/posts\/13154"}],"collection":[{"href":"https:\/\/www.messinaoggi.it\/website\/wp-json\/wp\/v2\/posts"}],"about":[{"href":"https:\/\/www.messinaoggi.it\/website\/wp-json\/wp\/v2\/types\/post"}],"author":[{"embeddable":true,"href":"https:\/\/www.messinaoggi.it\/website\/wp-json\/wp\/v2\/users\/8"}],"replies":[{"embeddable":true,"href":"https:\/\/www.messinaoggi.it\/website\/wp-json\/wp\/v2\/comments?post=13154"}],"version-history":[{"count":0,"href":"https:\/\/www.messinaoggi.it\/website\/wp-json\/wp\/v2\/posts\/13154\/revisions"}],"wp:featuredmedia":[{"embeddable":true,"href":"https:\/\/www.messinaoggi.it\/website\/wp-json\/wp\/v2\/media\/9517"}],"wp:attachment":[{"href":"https:\/\/www.messinaoggi.it\/website\/wp-json\/wp\/v2\/media?parent=13154"}],"wp:term":[{"taxonomy":"category","embeddable":true,"href":"https:\/\/www.messinaoggi.it\/website\/wp-json\/wp\/v2\/categories?post=13154"},{"taxonomy":"post_tag","embeddable":true,"href":"https:\/\/www.messinaoggi.it\/website\/wp-json\/wp\/v2\/tags?post=13154"}],"curies":[{"name":"wp","href":"https:\/\/api.w.org\/{rel}","templated":true}]}}