{"id":131445,"date":"2022-11-25T18:07:52","date_gmt":"2022-11-25T17:07:52","guid":{"rendered":"https:\/\/www.messinaoggi.it\/website\/2022\/11\/25\/la-fno-tsrm-e-pstrp-per-la-giornata-contro-la-violenza-sulle-donne\/"},"modified":"2022-11-25T18:07:52","modified_gmt":"2022-11-25T17:07:52","slug":"la-fno-tsrm-e-pstrp-per-la-giornata-contro-la-violenza-sulle-donne","status":"publish","type":"post","link":"https:\/\/www.messinaoggi.it\/website\/2022\/11\/25\/la-fno-tsrm-e-pstrp-per-la-giornata-contro-la-violenza-sulle-donne\/","title":{"rendered":"La FNO TSRM e PSTRP per la Giornata contro la violenza sulle donne"},"content":{"rendered":"<div>ROMA (ITALPRESS) &#8211; A Roma in occasione della Giornata internazionale per l&#8217;eliminazione della violenza contro le donne, i rappresentanti istituzionali degli Ordini TSRM e PSTRP e il Comitato centrale della Federazione nazionale si sono confrontati sul tema della violenza di genere. <br \/>L&#8217;evento, che si \u00e8 svolto in seno al Consiglio nazionale, ha raccolto nella Capitale i 61 Presidenti di Ordine della penisola, in rappresentanza dei 220 mila iscritti agli albi e agli elenchi speciali ad esaurimento. <br \/>Teresa Calandra, presidente della FNO TSRM e PSTRP, ha introdotto l&#8217;incontro con un discorso in cui ha affermato che &#8220;La violenza di genere \u00e8 il brutale tentativo di riaffermare le dinamiche di potere che vogliono un genere superiore agli altri. La violenza di genere affonda le sue radici negli stereotipi di genere, nelle strutture etero-patriarcali, nelle asimmetrie di potere e nelle disuguaglianze, strutturali e istituzionali&#8221;. La presidente Calandra si \u00e8 soffermata sul concetto di violenza, non solo come fisica o verbale, ma che pu\u00f2 essere anche &#8220;strutturale, prodotta dall&#8217;organizzazione sociale stessa, dalle sue profonde diseguaglianze, che si traduce in abusi e sofferenze&#8221;.<br \/>In un passaggio Teresa Calandra ha ricordato le proteste scatenate in Iran, a seguito dell&#8217;uccisione di Mahsa Amini, sottolineando che le sanzioni imposte dall&#8217;Unione Europea a Teheran non riusciranno a fermare le violenze contro le donne. Tuttavia si intravedono segnali di cambiamento &#8220;gli uomini sono al fianco delle donne, tanti giovani insieme, senza distinzione di estrazione sociale e di credo, nelle grandi citt\u00e0 e nei piccoli centri di provincia&#8221;. &#8220;Quel che sappiamo o sapremo su questo fenomeno, che toglie la libert\u00e0 e spesso la vita, non pu\u00f2 solo servire a comprenderlo meglio, ma deve necessariamente essere utilizzato per prevenirlo &#8211; ha aggiunto -. Tutta l&#8217;umanit\u00e0 non pu\u00f2 pi\u00f9 tacere, non pu\u00f2 pi\u00f9 essere indifferente, non pu\u00f2 pi\u00f9 avere paura di denunciare la violenza di genere. L&#8217;umanit\u00e0 deve essere educata, deve a sua volta educare e deve agire. Adesso!&#8221;.<br \/>In occasione della ricorrenza i componenti del Consiglio nazionale, intervenuti in presenza, hanno indossato un accessorio di colore rosso e hanno esposto un cartello con lo slogan: Fermiamola! Contro ogni forma di violenza di genere, manifestando dissenso verso comportamenti violenti e denigratori nei confronti delle donne. <br \/>Durante l&#8217;iniziativa \u00e8 stato riprodotto un filmato di sensibilizzazione contro gli abusi sulle donne, che secondo gli ultimi dati ISTAT sono ancora troppi. Nei primi mesi del 2022 in Italia sono state registrate 7.814 richieste di soccorso da donne vittime di violenza e di queste il 61,4% ha affermato di subire abusi o discriminazioni da diversi anni.<br \/>L&#8217;intento della FNO TSRM e PSTRP \u00e8 di contrastare la violenza contro le donne e sviluppare all&#8217;interno delle professioni sanitarie una particolare sensibilit\u00e0 verso l&#8217;equit\u00e0 tra generi, emarginando ogni tipo di discriminazione, e prevenendo ogni forma di abuso, in difesa dei diritti e della sicurezza delle donne.<div id=\"div-gpt-ad-Messinaoggi.it-DSK-300x250-corpoart\" style=\"text-align:center;margin:0 auto;\"><\/div><\/p>\n<p>&#8211; foto ufficio stampa FNO TSRM e PSTRP &#8211;<div id=\"videoincontent\" style=\"clear:both\";><\/div><\/p>\n<p>(ITALPRESS).<\/p><\/div>\n","protected":false},"excerpt":{"rendered":"<p>ROMA (ITALPRESS) &#8211; A Roma in occasione della Giornata internazionale per l&#8217;eliminazione della violenza contro le donne, i rappresentanti istituzionali degli Ordini TSRM e PSTRP e il Comitato centrale della Federazione nazionale si sono confrontati sul tema della violenza di genere. L&#8217;evento, che si \u00e8 svolto in seno al Consiglio nazionale, ha raccolto nella Capitale [&hellip;]<\/p>\n","protected":false},"author":18,"featured_media":131446,"comment_status":"closed","ping_status":"closed","sticky":false,"template":"","format":"standard","meta":{"ub_ctt_via":"","_mi_skip_tracking":false},"categories":[446],"tags":[783],"featured_image_src":"https:\/\/www.messinaoggi.it\/website\/wp-content\/uploads\/2022\/11\/20221125_1644.jpg","author_info":{"display_name":"Admin","author_link":"https:\/\/www.messinaoggi.it\/website\/author\/admin\/"},"digistream_id":0,"digistream":false,"_links":{"self":[{"href":"https:\/\/www.messinaoggi.it\/website\/wp-json\/wp\/v2\/posts\/131445"}],"collection":[{"href":"https:\/\/www.messinaoggi.it\/website\/wp-json\/wp\/v2\/posts"}],"about":[{"href":"https:\/\/www.messinaoggi.it\/website\/wp-json\/wp\/v2\/types\/post"}],"author":[{"embeddable":true,"href":"https:\/\/www.messinaoggi.it\/website\/wp-json\/wp\/v2\/users\/18"}],"replies":[{"embeddable":true,"href":"https:\/\/www.messinaoggi.it\/website\/wp-json\/wp\/v2\/comments?post=131445"}],"version-history":[{"count":0,"href":"https:\/\/www.messinaoggi.it\/website\/wp-json\/wp\/v2\/posts\/131445\/revisions"}],"wp:featuredmedia":[{"embeddable":true,"href":"https:\/\/www.messinaoggi.it\/website\/wp-json\/wp\/v2\/media\/131446"}],"wp:attachment":[{"href":"https:\/\/www.messinaoggi.it\/website\/wp-json\/wp\/v2\/media?parent=131445"}],"wp:term":[{"taxonomy":"category","embeddable":true,"href":"https:\/\/www.messinaoggi.it\/website\/wp-json\/wp\/v2\/categories?post=131445"},{"taxonomy":"post_tag","embeddable":true,"href":"https:\/\/www.messinaoggi.it\/website\/wp-json\/wp\/v2\/tags?post=131445"}],"curies":[{"name":"wp","href":"https:\/\/api.w.org\/{rel}","templated":true}]}}