{"id":131443,"date":"2022-11-25T18:07:50","date_gmt":"2022-11-25T17:07:50","guid":{"rendered":"https:\/\/www.messinaoggi.it\/website\/2022\/11\/25\/salis-lo-sport-deve-diventare-un-diritto-e-non-un-lusso\/"},"modified":"2022-11-25T18:07:50","modified_gmt":"2022-11-25T17:07:50","slug":"salis-lo-sport-deve-diventare-un-diritto-e-non-un-lusso","status":"publish","type":"post","link":"https:\/\/www.messinaoggi.it\/website\/2022\/11\/25\/salis-lo-sport-deve-diventare-un-diritto-e-non-un-lusso\/","title":{"rendered":"Salis \u201cLo sport deve diventare un diritto e non un lusso\u201d"},"content":{"rendered":"<div>ROMA (ITALPRESS) &#8211; Dalla pedana alla scrivania, dal martello alla penna, in prima linea per la parit\u00e0 di genere e l&#8217;abbattimento degli stereotipi. Silvia Salis, dopo una carriera ad alti livelli nell&#8217;atletica, dal 2021 \u00e8 vicepresidente vicario del Coni, &#8220;una posizione che mi soddisfa molto perch\u00e8 mi occupo di tutto quello che ho sempre amato, lo sport &#8211; racconta in un&#8217;intervista a Claudio Brachino per la rubrica &#8216;Primo Pian\u00f2 dell&#8217;Agenzia Italpress &#8211; In generale ho sempre avuto una vocazione per la politica e mi farebbe piacere se venisse rivalutata la figura di chi si occupa della cosa pubblica, sogno che le persone ritrovino fiducia in chi rappresenta le istituzioni e che le istituzioni non vengano screditate&#8221;. Nei mesi scorsi la dirigente genovese ha girato l&#8217;Italia per presentare anche il suo libro &#8220;La bambina pi\u00f9 forte del mondo&#8221;, che ha recentemente ricevuto il &#8220;Premio di Letteratura Sportiva Gianni Mura&#8221; per la sezione &#8220;Fuoriclasse&#8221; come miglior opera di letteratura sportiva per ragazze e ragazzi. Un&#8217;occasione per toccare con mano a che punto \u00e8 la battaglia per la parit\u00e0 di genere. &#8220;Sono nata in un campo di atletica e ho scelto uno sport che esisteva solo per gli uomini. Oggi i genitori vogliono che i figli crescano con un altro modello: i bambini fino a una certa et\u00e0 non sentono questa differenza ed \u00e8 per questo che bisogna lavorare su di loro&#8221;. Dall&#8217;altro lato, per\u00f2, &#8220;la percezione di sport da maschi e da femmine esiste ancora, mi scontro con madri e padri &#8216;evolut\u00ec che dicono: &#8216;se mia figlia fa judo o pugilato si rovin\u00e0. E questo si riversa a cascata su altri temi. Poi c&#8217;\u00e8 l&#8217;aspetto tecnico e dirigenziale: i numeri che nella pratica sono distribuiti, fra gli allenatori calano drasticamente e fra i dirigenti i dati sono ancora pi\u00f9 bassi. Questo ci deve fare pensare. E&#8217; vero che gli uomini votano pi\u00f9 facilmente altri uomini anzich\u00e8 una donna ma ora abbiamo come premier una donna che \u00e8 stata molto votata: i simboli devono ispirare, ma per cambiare la realt\u00e0 non bisogna nascondersi dietro i simboli&#8221;. La Salis sente di &#8220;far parte di questo momento di cambiamento&#8221; e rivendica l&#8217;utilit\u00e0 che hanno ricoperto le quote rosa, &#8220;una forzatura che per\u00f2 producono un cambiamento culturale&#8221;, ma serve anche un &#8220;cambiamento da parte delle donne che devono vedersi in altre figure e iniziare a concorrere con le regole che ci sono nei mondi ai quali vogliono avere accesso&#8221;. Ma la questione della parit\u00e0 di genere si inserisce in un quadro pi\u00f9 ampio: &#8220;Il passaggio culturale che deve fare il nostro Paese \u00e8 far diventare lo sport un diritto: per gran parte della popolazione \u00e8 un lusso e non possiamo permettercelo&#8221;. Per la vicepresidente vicario del Coni &#8220;farlo diventare un diritto passa anche attraverso gli impianti sportivi: bisogna colmare il divario enorme fa nord e sud come impiantistica e rimettere in piedi e rendere agibili le strutture che abbiamo. Inoltre bisogna rendere lo sport un&#8217;attivit\u00e0 che non sia un peso per le famiglie, questo \u00e8 un problema a cui mettere mano profondamente &#8211; prosegue l&#8217;ex martellista &#8211; E ancora: quale risparmio avrebbe il nostro Paese se venisse garantita l&#8217;attivit\u00e0 sportiva anche alla terza et\u00e0? Sono temi scomodi, perch\u00e8 comportano un grande sforzo economico, ma bisogna lavorare su due piani, da un lato sull&#8217;immediato e dall&#8217;altro avere una visione&#8221;. Un concetto rivolto idealmente anche al nuovo ministro dello Sport, Andrea Abodi. &#8220;Era gi\u00e0 conosciuto per tutti i ruoli che ha rivestito nel mondo sportivo e non solo, non dobbiamo scoprire le sue competenze, la sua storia parla chiaro &#8211; aggiunge Salis &#8211; Il fatto di conoscerlo \u00e8 un vantaggio, l&#8217;aspettativa \u00e8 molto positiva&#8221;. Infine una battuta su un tema d&#8217;attualit\u00e0, la Coppa del Mondo di calcio: &#8220;Credo che il Qatar che chiuder\u00e0 questi Mondiali non sar\u00e0 lo stesso Qatar che li ha aperti. Lo sport ha una comunicazione immediata e potentissima, il Qatar si \u00e8 aperto al mondo organizzando questi Mondiali e sar\u00e0 costretto a fare un passo avanti sul tema dei diritti&#8221;.<br \/>&#8211; foto Italpress &#8211;<br \/>(ITALPRESS).<\/div>\n<div id=\"div-gpt-ad-Messinaoggi.it-DSK-300x250-corpoart\" style=\"text-align:center;margin:0 auto;\"><\/div><\/p><div id=\"videoincontent\" style=\"clear:both\";><\/div>","protected":false},"excerpt":{"rendered":"<p>ROMA (ITALPRESS) &#8211; Dalla pedana alla scrivania, dal martello alla penna, in prima linea per la parit\u00e0 di genere e l&#8217;abbattimento degli stereotipi. Silvia Salis, dopo una carriera ad alti livelli nell&#8217;atletica, dal 2021 \u00e8 vicepresidente vicario del Coni, &#8220;una posizione che mi soddisfa molto perch\u00e8 mi occupo di tutto quello che ho sempre amato, [&hellip;]<\/p>\n","protected":false},"author":18,"featured_media":131444,"comment_status":"closed","ping_status":"closed","sticky":false,"template":"","format":"standard","meta":{"ub_ctt_via":"","_mi_skip_tracking":false},"categories":[446],"tags":[783],"featured_image_src":"https:\/\/www.messinaoggi.it\/website\/wp-content\/uploads\/2022\/11\/20221125_1514.jpg","author_info":{"display_name":"Admin","author_link":"https:\/\/www.messinaoggi.it\/website\/author\/admin\/"},"digistream_id":0,"digistream":false,"_links":{"self":[{"href":"https:\/\/www.messinaoggi.it\/website\/wp-json\/wp\/v2\/posts\/131443"}],"collection":[{"href":"https:\/\/www.messinaoggi.it\/website\/wp-json\/wp\/v2\/posts"}],"about":[{"href":"https:\/\/www.messinaoggi.it\/website\/wp-json\/wp\/v2\/types\/post"}],"author":[{"embeddable":true,"href":"https:\/\/www.messinaoggi.it\/website\/wp-json\/wp\/v2\/users\/18"}],"replies":[{"embeddable":true,"href":"https:\/\/www.messinaoggi.it\/website\/wp-json\/wp\/v2\/comments?post=131443"}],"version-history":[{"count":0,"href":"https:\/\/www.messinaoggi.it\/website\/wp-json\/wp\/v2\/posts\/131443\/revisions"}],"wp:featuredmedia":[{"embeddable":true,"href":"https:\/\/www.messinaoggi.it\/website\/wp-json\/wp\/v2\/media\/131444"}],"wp:attachment":[{"href":"https:\/\/www.messinaoggi.it\/website\/wp-json\/wp\/v2\/media?parent=131443"}],"wp:term":[{"taxonomy":"category","embeddable":true,"href":"https:\/\/www.messinaoggi.it\/website\/wp-json\/wp\/v2\/categories?post=131443"},{"taxonomy":"post_tag","embeddable":true,"href":"https:\/\/www.messinaoggi.it\/website\/wp-json\/wp\/v2\/tags?post=131443"}],"curies":[{"name":"wp","href":"https:\/\/api.w.org\/{rel}","templated":true}]}}