{"id":131394,"date":"2022-11-25T16:17:50","date_gmt":"2022-11-25T15:17:50","guid":{"rendered":"https:\/\/www.messinaoggi.it\/website\/2022\/11\/25\/gli-ersu-siciliani-compiono-20-anni-sempre-al-fianco-degli-studenti\/"},"modified":"2022-11-25T16:17:50","modified_gmt":"2022-11-25T15:17:50","slug":"gli-ersu-siciliani-compiono-20-anni-sempre-al-fianco-degli-studenti","status":"publish","type":"post","link":"https:\/\/www.messinaoggi.it\/website\/2022\/11\/25\/gli-ersu-siciliani-compiono-20-anni-sempre-al-fianco-degli-studenti\/","title":{"rendered":"Gli Ersu siciliani compiono 20 anni \u201cSempre al fianco degli studenti\u201d"},"content":{"rendered":"<div>\n<p>PALERMO (ITALPRESS) \u2013 Una giornata all\u2019insegna dell\u2019attenzione verso gli studenti, quella che si \u00e8 svolta oggi a palazzo dei Normanni, a Palermo, sede dell\u2019Ars, nell\u2019ambito delle celebrazioni del ventennale della legge regionale istitutiva degli Ersu siciliani \u2013 enti regionali per il diritto allo studio universitario. Al centro del confronto i risultati ottenuti ed i traguardi da raggiungere per migliorare i servizi offerti ai ragazzi con difficolt\u00e0 economiche, ma meritevoli di sostegno per il profitto accademico raggiunto. <br \/>\u201cVoglio instaurare una collaborazione tra il neo governo e gli Enti di diritto allo studio \u2013 ha detto Augusta Montaruli, sottosegretaria di Stato al Ministero dell\u2019Universit\u00e0 e della Ricerca -. Agli studenti voglio dire che sono la spina dorsale del mondo accademico scientifico. La loro prima casa \u00e8 il ministero dell\u2019Universit\u00e0 e della Ricerca, l\u00ec possono trovare sempre degli interlocutori franchi e seri. Questi 20 anni non devono essere momento di celebrazione, ma di proiezione. Bisogna valorizzare gli studenti e le loro eccellenze. Non possiamo fallire\u201d. <br \/>Un percorso virtuoso quello degli Ersu siciliani che, se pur non con poche difficolt\u00e0, sono riusciti a raggiungere numeri importanti in termini di borse di studio, alloggi e servizi offerti: \u201cI dati di questa regione ci proiettano sulla giusta strada e per questo voglio complimentarmi con gli Ersu siciliani \u2013 ha sottolineato Montaruli -. Troppo spesso parliamo di fuga di cervelli. Ogni cervello che fugge \u2013 magari con una borsa di studio all\u2019estero \u2013 \u00e8 un fallimento per chi non l\u2019ha erogata qui. Con i fondi stiamo provando ad aumentare il numero e l\u2019entit\u00e0 di borse e gli alloggi, ma non possiamo ragionare pi\u00f9 solo con l\u2019ottica del Pnrr, ma pensare anche al dopo Pnrr. Siamo qui per provare a superare le criticit\u00e0. L\u2019orizzonte non \u00e8 il Pnrr, ma i prossimi 20 anni. Bisogna far s\u00ec che questo investimento non vada disperso. Dobbiamo riuscire a dare ad ogni ragazzo la libert\u00e0 di mettere al servizio della propria nazione la competenza acquisita. Rinnovo l\u2019impegno del Mur a far in modo che tutto ci\u00f2 accada. Deve esserci un filo lungo che sostiene i nostri ragazzi dalla scuola al mondo del lavoro\u201d. <br \/>Dialogo, confronto e idee per migliorare e crescere, a questo servir\u00e0 una cabina di regia regionale che \u00e8 pronta ad essere costituta: \u201cSono convito che, con un rapporto di leale collaborazione, possiamo colmare alcuni gap con i quali la Sicilia si scontra \u2013 ha affermato l\u2019assessore regionale all\u2019Istruzione e alla Formazione Professionale, Mimmo Turano -. Stiamo lavorando su tutto quello che possiamo per fortificare gli Ersu siciliani. Oggi firmer\u00f2 un decreto che istituir\u00e0 una cabina di regia tra gli Ersu regionali per coordinare il tutto e costruire un meccanismo in cui poter trovare un punto di equilibrio per attuare una strategia complessiva\u201d. <br \/>Nel corso dell\u2019evento grande apprezzamento per la relazione del professor Giuseppe Laneve, docente di diritto Costituzionale dell\u2019universit\u00e0 di Macerata, dal titolo \u201cIl Diritto allo Studio Universitario tra disciplina costituzionale e interventi del legislatore\u201d e per gli spunti forniti dal presidente della Conferenza dei Rettori delle Universit\u00e0 Siciliane (CRUS), Giovanni Puglisi. <br \/>\u201cOggi pi\u00f9 che mai \u00e8 importantissimo parlare di diritto allo studio \u2013 ha dichiarato Alessio Pontillo, presidente dell\u2019Associazione Nazionale degli Organismi per il Diritto allo Studio Universitario (ANDISU) -. Le recenti evoluzioni del quadro europeo in virt\u00f9 della guerra e l\u2019aumento delle utenze e la crisi economica minacciano la coesione sociale. La tutela del diritto allo studio \u00e8 fondamentale per garantire il nostro sviluppo sociale ed economico a medio e lungo termine. Il governo ha fatto un grande investimento col Pnrr per le borse di studio, tuttavia rischia di essere insufficiente per raggiungere il risultato che gli enti per il diritto allo studio hanno ottenuto, ovvero poter dare la borsa a tutti gli studenti aventi diritto. In alcune regioni italiane le risorse potrebbero non essere sufficienti per questo risultato. La speranza \u00e8 che ci sia un ulteriore investimento per gli enti di diritto allo studio\u201d. <br \/>Grande attenzione e vicinanza anche delle istituzioni locali, con la presenza del presidente dell\u2019Assemblea Regionale Siciliana Gaetano Galvagno e il sindaco di Palermo, nonch\u00e8 ex rettore dell\u2019Universit\u00e0 degli Studi di Palermo ed ex assessore regionale all\u2019Istruzione, Roberto Lagalla. \u201cL\u2019obiettivo deve essere quello di far trovare agli studenti gli stessi servizi che ci sono fuori, bisogna incentivare il diritto allo studio \u2013 ha sottolineato il primo cittadino palermitano -. Da questo punto di vista l\u2019amministrazione comunale \u00e8 pronta a cogliere spunti e idee per riuscire a sviluppare ulteriormente questo settore che va incentivato e portato ai pi\u00f9 alti livelli\u201d. <br \/>Ad intervenire per tracciare un bilancio e rivolgere lo sguardo al prossimo futuro anche tutti i rappresentanti degli Ersu siciliani: \u201cL\u2019obiettivo \u00e8 quello di vedere il futuro nel medio e nel lungo periodo \u2013 ha spiegato il presidente dell\u2019Ersu Palermo, Giuseppe Di Miceli -. Il dialogo tra le istituzioni e tutti gli Ersu regionali lo reputo fondamentale, sono felice e contento della costituzione di una cabina di regia regionale. Secondo me, pi\u00f9 che le risorse, il problema \u00e8 il confronto, l\u2019organizzazione e l\u2019ottimizzazione delle risorse: questi sono gli strumenti che permettono di superare difficolt\u00e0 e ottimizzare il sistema\u201d.<br \/>foto xd6 Italpress<br \/>(ITALPRESS).<div id=\"div-gpt-ad-Messinaoggi.it-DSK-300x250-corpoart\" style=\"text-align:center;margin:0 auto;\"><\/div><\/p>\n<\/div>\n<div id=\"videoincontent\" style=\"clear:both\";><\/div>","protected":false},"excerpt":{"rendered":"<p>PALERMO (ITALPRESS) \u2013 Una giornata all\u2019insegna dell\u2019attenzione verso gli studenti, quella che si \u00e8 svolta oggi a palazzo dei Normanni, a Palermo, sede dell\u2019Ars, nell\u2019ambito delle celebrazioni del ventennale della legge regionale istitutiva degli Ersu siciliani \u2013 enti regionali per il diritto allo studio universitario. Al centro del confronto i risultati ottenuti ed i traguardi [&hellip;]<\/p>\n","protected":false},"author":18,"featured_media":131395,"comment_status":"closed","ping_status":"closed","sticky":false,"template":"","format":"standard","meta":{"ub_ctt_via":"","_mi_skip_tracking":false},"categories":[2449],"tags":[783],"featured_image_src":"https:\/\/www.messinaoggi.it\/website\/wp-content\/uploads\/2022\/11\/20221125_1325.jpg","author_info":{"display_name":"Admin","author_link":"https:\/\/www.messinaoggi.it\/website\/author\/admin\/"},"digistream_id":0,"digistream":false,"_links":{"self":[{"href":"https:\/\/www.messinaoggi.it\/website\/wp-json\/wp\/v2\/posts\/131394"}],"collection":[{"href":"https:\/\/www.messinaoggi.it\/website\/wp-json\/wp\/v2\/posts"}],"about":[{"href":"https:\/\/www.messinaoggi.it\/website\/wp-json\/wp\/v2\/types\/post"}],"author":[{"embeddable":true,"href":"https:\/\/www.messinaoggi.it\/website\/wp-json\/wp\/v2\/users\/18"}],"replies":[{"embeddable":true,"href":"https:\/\/www.messinaoggi.it\/website\/wp-json\/wp\/v2\/comments?post=131394"}],"version-history":[{"count":0,"href":"https:\/\/www.messinaoggi.it\/website\/wp-json\/wp\/v2\/posts\/131394\/revisions"}],"wp:featuredmedia":[{"embeddable":true,"href":"https:\/\/www.messinaoggi.it\/website\/wp-json\/wp\/v2\/media\/131395"}],"wp:attachment":[{"href":"https:\/\/www.messinaoggi.it\/website\/wp-json\/wp\/v2\/media?parent=131394"}],"wp:term":[{"taxonomy":"category","embeddable":true,"href":"https:\/\/www.messinaoggi.it\/website\/wp-json\/wp\/v2\/categories?post=131394"},{"taxonomy":"post_tag","embeddable":true,"href":"https:\/\/www.messinaoggi.it\/website\/wp-json\/wp\/v2\/tags?post=131394"}],"curies":[{"name":"wp","href":"https:\/\/api.w.org\/{rel}","templated":true}]}}