{"id":131350,"date":"2022-11-25T13:32:50","date_gmt":"2022-11-25T12:32:50","guid":{"rendered":"https:\/\/www.messinaoggi.it\/website\/2022\/11\/25\/violenza-donne-midiri-scuola-e-universita-devono-educare-i-ragazzi\/"},"modified":"2022-11-25T13:32:50","modified_gmt":"2022-11-25T12:32:50","slug":"violenza-donne-midiri-scuola-e-universita-devono-educare-i-ragazzi","status":"publish","type":"post","link":"https:\/\/www.messinaoggi.it\/website\/2022\/11\/25\/violenza-donne-midiri-scuola-e-universita-devono-educare-i-ragazzi\/","title":{"rendered":"Violenza donne, Midiri \u201cScuola e universit\u00e0 devono educare i ragazzi\u201d"},"content":{"rendered":"<div>\n<p>PALERMO (ITALPRESS) \u2013 \u201cOggi \u00e8 una giornata di sensibilizzazione e di riflessione. Quello che dobbiamo fare come Universit\u00e0 e come scuola \u00e8 cercare di educare i nostri ragazzi ad un nuovo modo di pensare e ad un nuovo approccio, che educhi la componente maschile nella parola chiave che si chiama rispetto, ma che porti anche la componente femminile, vittima di aggressione, ad essere pi\u00f9 coraggiosa e di poter parlare\u201d. Cos\u00ec il rettore dell\u2019Universit\u00e0 degli studi di Palermo, Massimo Midiri, aprendo i lavori dell\u2019iniziativa promossa dall\u2019Ateneo, presso la Sala Monumentale dello Steri, sul tema \u201cUna comunit\u00e0 di complici. Ripensare la violenza maschile contro le donne all\u2019interno del paradigma secundario\u201d, in occasione della giornata internazionale per l\u2019eliminazione della violenza contro le donne. Presenti le pi\u00f9 alte cariche istituzionali della citt\u00e0.<br \/>\u201cMi auguro che queste iniziative \u2013 sottolinea il sindaco di Palermo, Roberto Lagalla \u2013 possano rilanciare, innovandole, le metodologie di intervento, tanto delle Istituzioni educative quanto delle Istituzioni repressive ove necessario, a supporto di tutto ci\u00f2. Ho chiesto una regia regionale e mi auguro che al pi\u00f9 presto si possano migliorare gli standard operativi a favore di quelle donne che subiscono violenza di ogni tipo: da quella fisica a quella psicologica\u201d.<br \/>Il tema dell\u2019incontro di quest\u2019anno, spiega la Prorettrice all\u2019inclusione, Pari opportunit\u00e0 e politiche di Genere, Beatrice Pasciuta, \u00e8 focalizzato sulla mascolinit\u00e0 tossica. E\u2019 un\u2019indagine sui meccanismi che spingono gli uomini a diventare carnefici.<br \/>\u201cOggi un quarto degli omicidi vede come vittime le donne \u2013 ricorda il generale di Brigata, Giuseppe De Liso, comandante provinciale dei Carabinieri di Palermo -. La donna che viene uccisa per femminicidio \u00e8 perch\u00e8 ha detto no, ad un compagno, ad un ex fidanzato. Per risolvere questo problema non pu\u00f2 esserci soltanto un discorso di tipo preventivo o repressivo ma bisogna intervenire nel sociale, con le famiglie e nelle scuole\u201d.<br \/>\u201cL\u2019eliminazione della violenza sulle donne \u00e8 un obiettivo purtroppo ancora lontano a vedere i dati \u2013 sostiene il Questore della provincia di Palermo, Leopoldo Laricchia -, bisogna agire a livello legislativo, occorre fare ulteriori incrementi e modifiche nella normativa per renderla pi\u00f9 efficace nel contrasto dell\u2019emergenza\u201d.<br \/>\u201cE\u2019 una giornata importante \u2013 dichiara il Procuratore aggiunto presso la Procura di Palermo, Laura Vaccaro \u2013 che dovrebbe spingere a tante altre giornate per sensibilizzarci su un tema che \u00e8 delicatissimo e complesso e che vede la Procura della Repubblica di Palermo impegnata con scelte organizzative, con magistrati specializzati nell\u2019affrontare questa tematica e nel porre in essere indagini che mettano al centro dell\u2019attenzione la vittima\u201d.<br \/>foto xl1 Italpress<br \/>(ITALPRESS).<div id=\"div-gpt-ad-Messinaoggi.it-DSK-300x250-corpoart\" style=\"text-align:center;margin:0 auto;\"><\/div><\/p>\n<\/div>\n<div id=\"videoincontent\" style=\"clear:both\";><\/div>","protected":false},"excerpt":{"rendered":"<p>PALERMO (ITALPRESS) \u2013 \u201cOggi \u00e8 una giornata di sensibilizzazione e di riflessione. Quello che dobbiamo fare come Universit\u00e0 e come scuola \u00e8 cercare di educare i nostri ragazzi ad un nuovo modo di pensare e ad un nuovo approccio, che educhi la componente maschile nella parola chiave che si chiama rispetto, ma che porti anche [&hellip;]<\/p>\n","protected":false},"author":18,"featured_media":131351,"comment_status":"closed","ping_status":"closed","sticky":false,"template":"","format":"standard","meta":{"ub_ctt_via":"","_mi_skip_tracking":false},"categories":[2449],"tags":[783],"featured_image_src":"https:\/\/www.messinaoggi.it\/website\/wp-content\/uploads\/2022\/11\/20221125_0535.jpg","author_info":{"display_name":"Admin","author_link":"https:\/\/www.messinaoggi.it\/website\/author\/admin\/"},"digistream_id":0,"digistream":false,"_links":{"self":[{"href":"https:\/\/www.messinaoggi.it\/website\/wp-json\/wp\/v2\/posts\/131350"}],"collection":[{"href":"https:\/\/www.messinaoggi.it\/website\/wp-json\/wp\/v2\/posts"}],"about":[{"href":"https:\/\/www.messinaoggi.it\/website\/wp-json\/wp\/v2\/types\/post"}],"author":[{"embeddable":true,"href":"https:\/\/www.messinaoggi.it\/website\/wp-json\/wp\/v2\/users\/18"}],"replies":[{"embeddable":true,"href":"https:\/\/www.messinaoggi.it\/website\/wp-json\/wp\/v2\/comments?post=131350"}],"version-history":[{"count":0,"href":"https:\/\/www.messinaoggi.it\/website\/wp-json\/wp\/v2\/posts\/131350\/revisions"}],"wp:featuredmedia":[{"embeddable":true,"href":"https:\/\/www.messinaoggi.it\/website\/wp-json\/wp\/v2\/media\/131351"}],"wp:attachment":[{"href":"https:\/\/www.messinaoggi.it\/website\/wp-json\/wp\/v2\/media?parent=131350"}],"wp:term":[{"taxonomy":"category","embeddable":true,"href":"https:\/\/www.messinaoggi.it\/website\/wp-json\/wp\/v2\/categories?post=131350"},{"taxonomy":"post_tag","embeddable":true,"href":"https:\/\/www.messinaoggi.it\/website\/wp-json\/wp\/v2\/tags?post=131350"}],"curies":[{"name":"wp","href":"https:\/\/api.w.org\/{rel}","templated":true}]}}