{"id":131323,"date":"2022-11-25T10:59:25","date_gmt":"2022-11-25T09:59:25","guid":{"rendered":"http:\/\/www.messinaoggi.it\/website\/?p=131323"},"modified":"2022-11-25T10:59:53","modified_gmt":"2022-11-25T09:59:53","slug":"cibo-sintetico-fdi-comune-sia-a-fianco-di-coldiretti","status":"publish","type":"post","link":"https:\/\/www.messinaoggi.it\/website\/2022\/11\/25\/cibo-sintetico-fdi-comune-sia-a-fianco-di-coldiretti\/","title":{"rendered":"Cibo sintetico, FdI: &#8220;Comune sia a fianco di Coldiretti&#8221;"},"content":{"rendered":"\n<p>Sostenere le iniziative di Coldiretti volte a dissuadere dall&#8217;utilizzo e dalla diffusione del cibo sintetico. E&#8217; questo l&#8217;intento dell&#8217;Ordine del giorno firmato dal gruppo di Fratelli d&#8217;Italia al Consiglio Comunale, che se approvato impegner\u00e0 il Sindaco e la Giunta Comunale ad adottare tutti i provvedimenti utili al sostegno della petizione Coldiretti contro il cibo sintetico fornendo specifiche direttive ai competenti uffici e servizi del Comune anche per la trasmissione di quanto sar\u00e0 deliberato al Ministero dell\u2019Agricoltura, della Sovranit\u00e0 Alimentare e delle Foreste.<div id=\"div-gpt-ad-Messinaoggi.it-DSK-300x250-corpoart\" style=\"text-align:center;margin:0 auto;\"><\/div><\/p>\n\n\n\n<p>Coldiretti ha promosso una petizione contro il cibo sintetico e sono nate diverse iniziative di sensibilizzazione finalizzate ad evidenziare i rischi della diffusione del cibo artificiale.<div id=\"videoincontent\" style=\"clear:both\";><\/div><\/p>\n\n\n\n<p>Per <strong>Libero Gioveni, Dario Carbone e Pasquale Curr\u00f2<\/strong> il cibo sintetico infatti &#8220;\u00e8 prodotto in bioreattori, non salvaguarda l\u2019ambiente perch\u00e9 comporta un maggiore consumo di acqua ed energia rispetto agli allevamenti tradizionali e soprattutto \u00e8 meno efficiente di quelli oggi pi\u00f9 performanti, limita la libert\u00e0 dei consumatori e omologa le scelte sul cibo, favorisce gli interessi di pochi operatori, monopolizzando l&#8217;offerta di cibo nel mondo, spezza lo straordinario legame che unisce cibo e natura, non tutela la salute non essendoci garanzia che i prodotti chimici usati siano sicuri per il consumo alimentare e l\u2019esperienza maturata \u00e8 ancora troppo limitata per giungere a conclusioni differenti, non aiuta a perseguire gli obiettivi di giustizia sociale, in quanto prodotto sulla base di brevetti e tecnologie con alti costi di ingresso e sviluppo, nelle mani di pochi grandi investitori multinazionali, pu\u00f2 avere impatti socio-economici molto pericolosi, in quanto frutto di una fascinazione ecologica che non ha finora consentito riflessioni ben pi\u00f9 approfondite.&#8221;.<\/p>\n\n\n\n<p>Chiariscono infine che: &#8220;il raffronto con i sistemi pi\u00f9 avanzati e sostenibili per la produzione del cibo, propri dell\u2019agroalimentare italiano, consente di valutare correttamente gli esiti pregiudizievoli per l\u2019ambiente del cibo sintetico fabbricato a mezzo di bioreattori&#8221; e che &#8220;gli impatti omologanti di un modello produttivo distante dalle specificit\u00e0 territoriali locali pu\u00f2 cancellare le produzioni tipiche, distintive e tradizionali connesse alla variet\u00e0 della biodiversit\u00e0 locale&#8221;.<\/p>\n\n\n\n<p><strong>di Michele Bruno.<\/strong><\/p>\n","protected":false},"excerpt":{"rendered":"<p>Sostenere le iniziative di Coldiretti volte a dissuadere dall&#8217;utilizzo e dalla diffusione del cibo sintetico. E&#8217; questo l&#8217;intento dell&#8217;Ordine del giorno firmato dal gruppo di Fratelli d&#8217;Italia al Consiglio Comunale, che se approvato impegner\u00e0 il Sindaco e la Giunta Comunale ad adottare tutti i provvedimenti utili al sostegno della petizione Coldiretti contro il cibo sintetico [&hellip;]<\/p>\n","protected":false},"author":123457,"featured_media":121373,"comment_status":"open","ping_status":"open","sticky":false,"template":"","format":"standard","meta":{"ub_ctt_via":"","_mi_skip_tracking":false},"categories":[4],"tags":[5580,2531,46,3756,2306,1526,740,5581,5582],"featured_image_src":"https:\/\/www.messinaoggi.it\/website\/wp-content\/uploads\/2022\/09\/Libero-Gioveni-Dario-Carbone-e-Pasquale-Curro-foto-gruppo-FdI.jpg","author_info":{"display_name":"Michele Bruno","author_link":"https:\/\/www.messinaoggi.it\/website\/author\/michele-bruno\/"},"digistream_id":0,"digistream":false,"_links":{"self":[{"href":"https:\/\/www.messinaoggi.it\/website\/wp-json\/wp\/v2\/posts\/131323"}],"collection":[{"href":"https:\/\/www.messinaoggi.it\/website\/wp-json\/wp\/v2\/posts"}],"about":[{"href":"https:\/\/www.messinaoggi.it\/website\/wp-json\/wp\/v2\/types\/post"}],"author":[{"embeddable":true,"href":"https:\/\/www.messinaoggi.it\/website\/wp-json\/wp\/v2\/users\/123457"}],"replies":[{"embeddable":true,"href":"https:\/\/www.messinaoggi.it\/website\/wp-json\/wp\/v2\/comments?post=131323"}],"version-history":[{"count":2,"href":"https:\/\/www.messinaoggi.it\/website\/wp-json\/wp\/v2\/posts\/131323\/revisions"}],"predecessor-version":[{"id":131329,"href":"https:\/\/www.messinaoggi.it\/website\/wp-json\/wp\/v2\/posts\/131323\/revisions\/131329"}],"wp:featuredmedia":[{"embeddable":true,"href":"https:\/\/www.messinaoggi.it\/website\/wp-json\/wp\/v2\/media\/121373"}],"wp:attachment":[{"href":"https:\/\/www.messinaoggi.it\/website\/wp-json\/wp\/v2\/media?parent=131323"}],"wp:term":[{"taxonomy":"category","embeddable":true,"href":"https:\/\/www.messinaoggi.it\/website\/wp-json\/wp\/v2\/categories?post=131323"},{"taxonomy":"post_tag","embeddable":true,"href":"https:\/\/www.messinaoggi.it\/website\/wp-json\/wp\/v2\/tags?post=131323"}],"curies":[{"name":"wp","href":"https:\/\/api.w.org\/{rel}","templated":true}]}}