{"id":131230,"date":"2022-11-24T17:17:51","date_gmt":"2022-11-24T16:17:51","guid":{"rendered":"https:\/\/www.messinaoggi.it\/website\/2022\/11\/24\/lagalla-la-crisi-preoccupa-a-palermo-al-lavoro-su-rifiuti-e-cimiteri\/"},"modified":"2022-11-24T17:17:51","modified_gmt":"2022-11-24T16:17:51","slug":"lagalla-la-crisi-preoccupa-a-palermo-al-lavoro-su-rifiuti-e-cimiteri","status":"publish","type":"post","link":"https:\/\/www.messinaoggi.it\/website\/2022\/11\/24\/lagalla-la-crisi-preoccupa-a-palermo-al-lavoro-su-rifiuti-e-cimiteri\/","title":{"rendered":"Lagalla \u201cLa crisi preoccupa, a Palermo al lavoro su rifiuti e cimiteri\u201d"},"content":{"rendered":"<div>\n<p>MILANO (ITALPRESS) \u2013 \u201cPer me \u00e8 la prima esperienza all\u2019assemblea dell\u2019Anci essendo stato eletto pochi mesi fa, devo dire che ho tratto una sensazione di particolare coesione e di unicit\u00e0 di intenti pur nella diversit\u00e0 geografica e delle appartenenze politiche. La preoccupazione di tutti i sindaci \u00e8 emersa sia rispetto alla crisi contingente, con l\u2019aumento dei costi energetici, quanto per l\u2019aumento del prezzo dei materiali per le infrastrutture\u201d. Reduce dall\u2019assemblea dell\u2019Anci, associazione nazionale dei comuni italiani, il sindaco di Palermo, Roberto Lagalla, in un\u2019intervista all\u2019Italpress ha analizzato la situazione della propria citt\u00e0 dopo il confronto con gli altri primi cittadini d\u2019Italia: \u201cDalla riunione sono emerse due linee di intervento \u2013 ha aggiunto il sindaco del capoluogo siciliano \u2013 Migliorare e potenziare il dialogo con lo stato rispetto alle esigenze dei comuni e al contempo la nostra preoccupazione e l\u2019impegno a rispettare i tempi del PNRR\u201d. <br \/>Sindaco di un comune di una regione a statuto speciale, Lagalla si inserisce con cautela nel fervente dibattito sull\u2019autonomia differenziata: \u201cEssendo costituzionalmente tutelata, pu\u00f2 essere un obiettivo di atterraggio per le richieste di alcune regioni, non deve per\u00f2 ledere il principio di perequazione e solidariet\u00e0 \u2013 ha spiegato \u2013 Non possiamo immaginare che questo significhi una distrazione di risorse rispetto alle attuali che gi\u00e0 sono insufficienti, non sempre l\u2019autonomia \u00e8 un processo virtuoso che fa raggiungere prima l\u2019obiettivo\u201d. Entrando poi nei temi che riguardano pi\u00f9 da vicino Palermo, quello dei rifiuti \u00e8 senz\u2019altro uno dei pi\u00f9 impegnativi per l\u2019amministrazione comunale insediata a giugno: \u201cLa coniugazione tra qualit\u00e0 e tempestivit\u00e0 della raccolta e l\u2019efficienza del sistema di smaltimento dei rifiuti \u00e8 un binomio indissolubile. A Palermo in questi pochi mesi abbiamo cercato di migliorare i tempi e la regolarit\u00e0 della raccolta con un conferimento che ancora prevede un volume in discarica a mio avviso oggettivamente eccessivo \u2013 ha ricordato Lagalla \u2013 Per cui bisogna potenziare la tecnologia e va definita la filiera del trattamento dei rifiuti, ed \u00e8 su questo che ci stiamo impegnando in questi mesi redigendo un piano che fa riferimento al PNRR che mette a disposizione 60 milioni di euro\u201d. <br \/>Ricordando che a Palermo ancora una importante area comunale non \u00e8 stata raggiunta dalla raccolta differenziata e rivolgendosi alla municipalizzata Rap per un piano industriale maggiormente definito, Lagalla ha mostrato disappunto per le scelte regionali sulla localizzazione dei termovalorizzatori: \u201cConto che non potremo considerare chiusa l\u2019emergenza rifiuti prima di un anno. Sono un sostenitore dei termovalorizzatori in Sicilia, ma ne discuto la localizzazione in due localit\u00e0 che distano troppo dal capoluogo di regione. Non \u00e8 vero che Gela \u00e8 in Sicilia occidentale\u201d. <br \/>Un\u2019altra emergenza a Palermo resta quella dei cimiteri: \u201cAbbiamo lavorato duramente ed \u00e8 iniziata la tumulazione e l\u2019inumazione, stiamo facendo uno sforzo per ampliare il numero di loculi nei nostri cimiteri e stiamo pensando anche a convertire a uso funerari alcune aree \u2013 ha spiegato Lagalla \u2013 Perch\u00e8 il problema va risolto non solo nell\u2019attuale emergenza, ma anche in prospettiva. La risoluzione non \u00e8 dietro l\u2019angolo, abbiamo ancora oltre mille arretrati, per\u00f2 il trend si \u00e8 invertito\u201d. <br \/>Dopo aver ricordato la portata degli investimenti sui trasporti, tra tram, metro treno e autobus, oltre a un potenziamento della mobilit\u00e0 sostenibile, il sindaco ha parlato infine del problema della movida selvaggia: \u201cAbbiamo intensificato significativamente i controlli della polizia urbana, abbiamo anche avviato la realizzazione di luoghi della movida un p\u00f2 pi\u00f9 distanti dalle aree fortemente urbanizzate, ma questo \u00e8 un progetto in itinere \u2013 ha aggiunto Lagalla \u2013 Il controllo deve essere esercitato anche nei confronti dell\u2019abuso di stupefacenti e in particolare del crack che \u00e8 alla portata purtroppo di tutte le tasche \u2013 ha concluso \u2013 A Palermo sta dilagando anche con vittime incolpevoli di questa tragedia\u201d.<div id=\"div-gpt-ad-Messinaoggi.it-DSK-300x250-corpoart\" style=\"text-align:center;margin:0 auto;\"><\/div><\/p>\n<p>\u2013 foto Italpress \u2013<br \/>(ITALPRESS).<div id=\"videoincontent\" style=\"clear:both\";><\/div><\/p>\n<\/div>\n","protected":false},"excerpt":{"rendered":"<p>MILANO (ITALPRESS) \u2013 \u201cPer me \u00e8 la prima esperienza all\u2019assemblea dell\u2019Anci essendo stato eletto pochi mesi fa, devo dire che ho tratto una sensazione di particolare coesione e di unicit\u00e0 di intenti pur nella diversit\u00e0 geografica e delle appartenenze politiche. La preoccupazione di tutti i sindaci \u00e8 emersa sia rispetto alla crisi contingente, con l\u2019aumento [&hellip;]<\/p>\n","protected":false},"author":18,"featured_media":131231,"comment_status":"closed","ping_status":"closed","sticky":false,"template":"","format":"standard","meta":{"ub_ctt_via":"","_mi_skip_tracking":false},"categories":[2449],"tags":[783],"featured_image_src":"https:\/\/www.messinaoggi.it\/website\/wp-content\/uploads\/2022\/11\/20221124_1752.jpg","author_info":{"display_name":"Admin","author_link":"https:\/\/www.messinaoggi.it\/website\/author\/admin\/"},"digistream_id":0,"digistream":false,"_links":{"self":[{"href":"https:\/\/www.messinaoggi.it\/website\/wp-json\/wp\/v2\/posts\/131230"}],"collection":[{"href":"https:\/\/www.messinaoggi.it\/website\/wp-json\/wp\/v2\/posts"}],"about":[{"href":"https:\/\/www.messinaoggi.it\/website\/wp-json\/wp\/v2\/types\/post"}],"author":[{"embeddable":true,"href":"https:\/\/www.messinaoggi.it\/website\/wp-json\/wp\/v2\/users\/18"}],"replies":[{"embeddable":true,"href":"https:\/\/www.messinaoggi.it\/website\/wp-json\/wp\/v2\/comments?post=131230"}],"version-history":[{"count":0,"href":"https:\/\/www.messinaoggi.it\/website\/wp-json\/wp\/v2\/posts\/131230\/revisions"}],"wp:featuredmedia":[{"embeddable":true,"href":"https:\/\/www.messinaoggi.it\/website\/wp-json\/wp\/v2\/media\/131231"}],"wp:attachment":[{"href":"https:\/\/www.messinaoggi.it\/website\/wp-json\/wp\/v2\/media?parent=131230"}],"wp:term":[{"taxonomy":"category","embeddable":true,"href":"https:\/\/www.messinaoggi.it\/website\/wp-json\/wp\/v2\/categories?post=131230"},{"taxonomy":"post_tag","embeddable":true,"href":"https:\/\/www.messinaoggi.it\/website\/wp-json\/wp\/v2\/tags?post=131230"}],"curies":[{"name":"wp","href":"https:\/\/api.w.org\/{rel}","templated":true}]}}