{"id":131157,"date":"2022-11-24T12:14:56","date_gmt":"2022-11-24T11:14:56","guid":{"rendered":"http:\/\/www.messinaoggi.it\/website\/?p=131157"},"modified":"2022-11-24T12:16:11","modified_gmt":"2022-11-24T11:16:11","slug":"festival-delleconomia-creativa-a-messina-per-la-sostenibilita","status":"publish","type":"post","link":"https:\/\/www.messinaoggi.it\/website\/2022\/11\/24\/festival-delleconomia-creativa-a-messina-per-la-sostenibilita\/","title":{"rendered":"Festival dell&#8217;Economia Creativa a Messina, per la sostenibilit\u00e0"},"content":{"rendered":"\n<p>Nuovi appuntamenti per il Festival della Economia Creativa, in corso fino a domenica 27 a Messina, presso Marina del Nettuno e Camera di Commercio. Esposizioni artigianali, laboratori creativi con i pi\u00f9 piccoli, incontri con gli studenti e dibattiti con un unico comun denominatore, la sostenibilit\u00e0 ambientale. La manifestazione, organizzata dal Gruppo Giovani Imprenditori di Sicindustria Messina insieme con Camera di Commercio, Benefit, Associazione Gli Invisibili, MillaSensi e Comet, si inserisce all\u2019interno della settimana che l&#8217;Unione europea dedica al riuso e al riciclo.<div id=\"div-gpt-ad-Messinaoggi.it-DSK-300x250-corpoart\" style=\"text-align:center;margin:0 auto;\"><\/div><\/p>\n\n\n\n<p><br>\u201cI modelli di sviluppo che vengono proposti nelle citt\u00e0 sostenibili \u2013 commenta <strong>Davide Blandina<\/strong>, presidente del Gruppo Giovani imprenditori di Sicindustria Messina \u2013 devono essere modelli a lungo termine, scalabili, flessibili, partecipativi e replicabili, poich\u00e9 il raggiungimento della sostenibilit\u00e0 \u00e8 un processo di adattamento, apprendimento e cambiamento continuo. Per raggiungere gli obiettivi prefissati dall\u2019Unione europea, per\u00f2, occorre innanzitutto lavorare per migliorare la conoscenza e aumentare la consapevolezza delle realt\u00e0 imprenditoriali, accademiche, istituzionali e del terzo settore, rispetto ai processi di sviluppo sostenibile, con lo scopo di innescare processi virtuosi di economia e solidariet\u00e0 circolare\u201d.<div id=\"videoincontent\" style=\"clear:both\";><\/div><\/p>\n\n\n\n<p> Ed \u00e8 con questo obiettivo che domani, dalle 10 alle 18, presso la Camera di Commercio di Messina, verr\u00e0 presentata GreenUp, la piattaforma che mira a promuovere un percorso condiviso su temi e obiettivi chiari e raggiungibili di sostenibilit\u00e0 che preveda la partecipazione e la collaborazione di tutti gli stakeholder e della cittadinanza. \u201cVerso una Citt\u00e0 sostenibile \u2026 to GREEN UP\u201d \u00e8 il tema scelto per una giornata fitta di testimonianze e interventi qualificati che mireranno a esaminare modelli replicabili e incentivare processi di filiera che possano concretamente condurre la Citt\u00e0 Metropolitana verso una crescita sostenibile, condivisa e compatibile con la realt\u00e0 territoriale e con le necessit\u00e0 e i fabbisogni della cittadinanza.<\/p>\n\n\n\n<p> Ad aprire i lavori, moderati da <strong>Rosaria Brancato<\/strong> e <strong>Emilio Pintaldi, <\/strong>saranno il presidente dell\u2019ente camerale, Ivo Blandina; il sindaco di Messina, <strong>Federico Basile;<\/strong> il presidente del Gruppo Giovani Imprenditori Confindustria Sicilia, <strong>Gianluca Costanzo.<\/strong> Seguiranno gli interventi di Pietro Franza, presidente di Sicindustria Messina, e di Davide Blandina, presidente del Gruppo Giovani Imprenditori di Sicindustria Messina, unitamente ai promotori e ai partner del Festival.<\/p>\n\n\n\n<p><br>I matching tra gli attori del network saranno poi sviluppati sabato 26, dalle 9:30 alle 13, in occasione delle Tavole rotonde tematiche sui modelli di economia creativa e circolare.<\/p>\n","protected":false},"excerpt":{"rendered":"<p>Nuovi appuntamenti per il Festival della Economia Creativa, in corso fino a domenica 27 a Messina, presso Marina del Nettuno e Camera di Commercio. Esposizioni artigianali, laboratori creativi con i pi\u00f9 piccoli, incontri con gli studenti e dibattiti con un unico comun denominatore, la sostenibilit\u00e0 ambientale. La manifestazione, organizzata dal Gruppo Giovani Imprenditori di Sicindustria [&hellip;]<\/p>\n","protected":false},"author":15,"featured_media":3999,"comment_status":"open","ping_status":"open","sticky":false,"template":"","format":"standard","meta":{"ub_ctt_via":"","_mi_skip_tracking":false},"categories":[1],"tags":[],"featured_image_src":"https:\/\/www.messinaoggi.it\/website\/wp-content\/uploads\/2017\/07\/sicindustria-logo-2-e1669288561967.jpg","author_info":{"display_name":"red.me","author_link":"https:\/\/www.messinaoggi.it\/website\/author\/red-me\/"},"digistream_id":0,"digistream":false,"_links":{"self":[{"href":"https:\/\/www.messinaoggi.it\/website\/wp-json\/wp\/v2\/posts\/131157"}],"collection":[{"href":"https:\/\/www.messinaoggi.it\/website\/wp-json\/wp\/v2\/posts"}],"about":[{"href":"https:\/\/www.messinaoggi.it\/website\/wp-json\/wp\/v2\/types\/post"}],"author":[{"embeddable":true,"href":"https:\/\/www.messinaoggi.it\/website\/wp-json\/wp\/v2\/users\/15"}],"replies":[{"embeddable":true,"href":"https:\/\/www.messinaoggi.it\/website\/wp-json\/wp\/v2\/comments?post=131157"}],"version-history":[{"count":1,"href":"https:\/\/www.messinaoggi.it\/website\/wp-json\/wp\/v2\/posts\/131157\/revisions"}],"predecessor-version":[{"id":131158,"href":"https:\/\/www.messinaoggi.it\/website\/wp-json\/wp\/v2\/posts\/131157\/revisions\/131158"}],"wp:featuredmedia":[{"embeddable":true,"href":"https:\/\/www.messinaoggi.it\/website\/wp-json\/wp\/v2\/media\/3999"}],"wp:attachment":[{"href":"https:\/\/www.messinaoggi.it\/website\/wp-json\/wp\/v2\/media?parent=131157"}],"wp:term":[{"taxonomy":"category","embeddable":true,"href":"https:\/\/www.messinaoggi.it\/website\/wp-json\/wp\/v2\/categories?post=131157"},{"taxonomy":"post_tag","embeddable":true,"href":"https:\/\/www.messinaoggi.it\/website\/wp-json\/wp\/v2\/tags?post=131157"}],"curies":[{"name":"wp","href":"https:\/\/api.w.org\/{rel}","templated":true}]}}