{"id":131155,"date":"2022-11-24T11:07:54","date_gmt":"2022-11-24T10:07:54","guid":{"rendered":"https:\/\/www.messinaoggi.it\/website\/2022\/11\/24\/pentathlon-bittner-contiamo-di-esserci-anche-a-los-angeles\/"},"modified":"2022-11-24T11:07:54","modified_gmt":"2022-11-24T10:07:54","slug":"pentathlon-bittner-contiamo-di-esserci-anche-a-los-angeles","status":"publish","type":"post","link":"https:\/\/www.messinaoggi.it\/website\/2022\/11\/24\/pentathlon-bittner-contiamo-di-esserci-anche-a-los-angeles\/","title":{"rendered":"Pentathlon, Bittner \u201cContiamo di esserci anche a Los Angeles\u201d"},"content":{"rendered":"<div>ROMA (ITALPRESS) &#8211; &#8220;Meglio di cos\u00ec il 2022 non potevamo aspettarcelo. Riportare dopo diciasette anni un titolo mondiale femminile in Italia con Elena Micheli \u00e8 un risultato pi\u00f9 che soddisfacente unito anche alle prove di Mattia Parisi e Giorgio Malan in Coppa del mondo. Siamo contenti dei risultati della squadra senior, ma si sta muovendo qualcosa di interessante anche in ambito giovanile&#8221;. Fabrizio Bittner, presidente del Pentathlon italiano, \u00e8 soddisfatto della stagione e del lavoro che sta portando avanti da quando ha preso in mano le redini della Federazione. &#8220;Il nuovo corso sta portando anche all&#8217;organizzazione di eventi internazionali nel nostro Paese dopo diverso tempo &#8211; ha detto in un&#8217;intervista all&#8217;Italpress -. Oltre ai risultati, stiamo cercando di allargare l&#8217;orizzonte, siamo moderatamente soddisfatti, l&#8217;obiettivo \u00e8 sempre la medaglia olimpica ma ci stiamo lavorando. A livello organizzativo l&#8217;Italia attrae molto. Da anni eravamo fuori dalle dinamiche della politica sportiva internazionale. L&#8217;evento di Lignano Sabbiadoro (Mondiali U.19 e U.17) \u00e8 stato premiato come best event dell&#8217;anno a livello mondiale, avevamo chiesto una manifestazione per il 2024 per dare una mano ai nostri atleti avendo pi\u00f9 possibilit\u00e0 di qualificazione e acquisizione di punteggio per le Olimpiadi, ci hanno dato la tappa di maggio di Coppa del mondo in programma a Roma&#8221; ha spiegato il numero uno della Fipm. Nel frattempo, alle Olimpiadi devono arrivarci gli atleti, ma deve anche arrivarci lo sport cos\u00ec come \u00e8 stato concepito fino ad oggi. Bittner \u00e8 pi\u00f9 fiducioso di qualhe tempo fa. &#8220;Andremo a Parigi ancora con le cinque discipline tradizionali e quindi con l&#8217;equitazione. Sar\u00e0 l&#8217;ultima con questo format. Nel recente congresso mondiale \u00e8 stata deliberata la sostituzione dell&#8217;equitazione con la spartan race che prevede una  corsa ad ostacoli, in previsione di rimanere disciplina olimpica nel 2028. Confesso che non ero molto ottimista, ma gli ultimi segnali sono positivi, tuttavia \u00e8 sempre il board del Cio a decidere, diciamo che l&#8217;Uipm ha fatto quanto richiesto, ovvero rivisitare la specialit\u00e0 per renderla pi\u00f9 spettacolare e adatta ai tempi&#8221;. Intanto, il nuovo governo ha previsto il ministero per lo sport. &#8220;Il ministro Abodi \u00e8 competente, capace, viene dal nostro ambiente, una delle persone pi\u00f9 adatte a ricoprire questo incarico. Cercher\u00e0 certamente di fare andare d&#8217;accordo le varie componenti del mondo sportivo, dividendo le competenze di ognuno per evitare sovrapposizioni&#8221;.<br \/>&#8211; foto Italpress &#8211;  <br \/>(ITALPRESS).<\/div>\n<div id=\"div-gpt-ad-Messinaoggi.it-DSK-300x250-corpoart\" style=\"text-align:center;margin:0 auto;\"><\/div><\/p><div id=\"videoincontent\" style=\"clear:both\";><\/div>","protected":false},"excerpt":{"rendered":"<p>ROMA (ITALPRESS) &#8211; &#8220;Meglio di cos\u00ec il 2022 non potevamo aspettarcelo. Riportare dopo diciasette anni un titolo mondiale femminile in Italia con Elena Micheli \u00e8 un risultato pi\u00f9 che soddisfacente unito anche alle prove di Mattia Parisi e Giorgio Malan in Coppa del mondo. Siamo contenti dei risultati della squadra senior, ma si sta muovendo [&hellip;]<\/p>\n","protected":false},"author":18,"featured_media":131156,"comment_status":"closed","ping_status":"closed","sticky":false,"template":"","format":"standard","meta":{"ub_ctt_via":"","_mi_skip_tracking":false},"categories":[446],"tags":[783],"featured_image_src":"https:\/\/www.messinaoggi.it\/website\/wp-content\/uploads\/2022\/11\/20221124_0280.jpg","author_info":{"display_name":"Admin","author_link":"https:\/\/www.messinaoggi.it\/website\/author\/admin\/"},"digistream_id":0,"digistream":false,"_links":{"self":[{"href":"https:\/\/www.messinaoggi.it\/website\/wp-json\/wp\/v2\/posts\/131155"}],"collection":[{"href":"https:\/\/www.messinaoggi.it\/website\/wp-json\/wp\/v2\/posts"}],"about":[{"href":"https:\/\/www.messinaoggi.it\/website\/wp-json\/wp\/v2\/types\/post"}],"author":[{"embeddable":true,"href":"https:\/\/www.messinaoggi.it\/website\/wp-json\/wp\/v2\/users\/18"}],"replies":[{"embeddable":true,"href":"https:\/\/www.messinaoggi.it\/website\/wp-json\/wp\/v2\/comments?post=131155"}],"version-history":[{"count":0,"href":"https:\/\/www.messinaoggi.it\/website\/wp-json\/wp\/v2\/posts\/131155\/revisions"}],"wp:featuredmedia":[{"embeddable":true,"href":"https:\/\/www.messinaoggi.it\/website\/wp-json\/wp\/v2\/media\/131156"}],"wp:attachment":[{"href":"https:\/\/www.messinaoggi.it\/website\/wp-json\/wp\/v2\/media?parent=131155"}],"wp:term":[{"taxonomy":"category","embeddable":true,"href":"https:\/\/www.messinaoggi.it\/website\/wp-json\/wp\/v2\/categories?post=131155"},{"taxonomy":"post_tag","embeddable":true,"href":"https:\/\/www.messinaoggi.it\/website\/wp-json\/wp\/v2\/tags?post=131155"}],"curies":[{"name":"wp","href":"https:\/\/api.w.org\/{rel}","templated":true}]}}