{"id":131127,"date":"2022-11-24T07:24:15","date_gmt":"2022-11-24T06:24:15","guid":{"rendered":"http:\/\/www.messinaoggi.it\/website\/?p=131127"},"modified":"2022-11-24T07:28:10","modified_gmt":"2022-11-24T06:28:10","slug":"troppi-suicidi-tra-le-forze-dellordine-usip-invoca-soluzioni-esperti-a-confronto-a-messina","status":"publish","type":"post","link":"https:\/\/www.messinaoggi.it\/website\/2022\/11\/24\/troppi-suicidi-tra-le-forze-dellordine-usip-invoca-soluzioni-esperti-a-confronto-a-messina\/","title":{"rendered":"Troppi suicidi tra le forze dell&#8217;ordine, Usip invoca soluzioni. Esperti a confronto a Messina"},"content":{"rendered":"\n<p>Gli ennesimi casi di suicidio tra le forze dell\u2019ordine si sono registrati nel mese in corso. Tali disgrazie sono un ulteriore segnale di panico generalizzato: nella provincia siracusana, dove a met\u00e0 novembre due agenti (uno della Polizia di Stato che si \u00e8 impiccato e l\u2019altro della Polizia Penitenziaria che si \u00e8 sparato) hanno spezzato la propria vita con modalit\u00e0 diverse e un altro poliziotto, stavolta a Milano, si \u00e8 ammazzato premendo il grilletto della sua pistola contro di s\u00e9, elevando la quota dei casi del 2022 a 65. \u201cNon \u00e8 un problema di localizzazione geografica quanto di un ordinamento risalente al 1981 che non funziona e che vorremmo cambiare perch\u00e9 abbiamo a cuore la vita umana e crediamo nell\u2019evoluzione<br>delle leggi. Possiamo ancora impedire che i Servitori dello Stato Italiano<br>rivolgano il proprio malessere contro loro stessi\u201d. Una riflessione amara ed<br>anche ottimistica che viene avanzata dal segretario nazionale Usip<br>Rosaria Maira \u2013 responsabile mobbing e stalking e che sar\u00e0 al centro<br>della tavola rotonda \u201cIl buio dentro: fenomeno suicidario tra le Forze<br>dell\u2019Ordine\u201d, ideata per sabato 26 novembre, alle 10.30, nel Salone<br>delle Bandiere del Comune di Messina. Ad allestirla insieme al segretario<br>Maira \u00e8 anche il segretario generale provinciale e regionale Usip<br>Maurizio Galati, che punter\u00e0 al lancio della proposta di tutela per la categoria da indirizzare alla politica romana, mediante una serie di apporti e dissertazioni nazionali e regionali su varie materie: da quella legale a quella psico-sociale, da quella politico &#8211; giuridica a quella occupazionale. Si cerca la minaccia che provoca il fenomeno nella diffusione del Coronavirus e nello stress accumulato da chi ha lavorato in frontiera ma i decessi per suicidio ci sono sempre stati: tant\u2019\u00e8 che si va a rispolverare il dato del 2019<br>(antecedente all\u2019effetto pandemico) che conduce a ben 69 morti. Se \u00e8 vero<br>che l\u2019Usip in prima fila schierer\u00e0 tutta la sua dirigenza italiana e siciliana con le sensibilit\u00e0 divulgative dei Segretari Maira e Galati, \u00e8 altrettanto vero che per ottenere dei risultati nelle sedi istituzionali corrette ci vogliono i referenti di Governo che qui rispecchiano i diritti civili trasversali, senza colore politico (n\u00e9 azzurro, n\u00e9 giallo, n\u00e9 verde, n\u00e9 rosso): il Sottosegretario ai Rapporti con il Parlamento Matilde Siracusano, i senatori della<br>Repubblica Carmela Bucalo, Dafne Musolino e Antonino German\u00e0, il<br>neo assessore Regionale ai Beni culturali Elvira Amata ed il deputato<br>dell\u2019Ars Antonio De Luca. L\u2019Amministrazione municipale accoglier\u00e0<br>quest&#8217;articolato confronto grazie al primo cittadino di Messina, Federico<br>Basile. I relatori scelti dal sindacato organizzatore sono specialisti nei loro<br>ambiti perch\u00e9 svolgono una vera e propria missione, per esempio nella lotta alla violenza di genere e nei disagi di carattere professionale, soprattutto tra le risorse di Polizia e Militari: Rosa Nastasi e Valentina Sabino, rispettivamente il legale e la psicologa dell&#8217;Associazione &#8220;Attivamente&#8221;, ancora l\u2019avvocato cassazionista Maria Claudia Giordano dell\u2019Associazione \u201cAgathos\u201d ed il segretario generale regionale Uil<br>Luisella Lionti. La novit\u00e0, all\u2019interno di una simile interlocuzione, sar\u00e0 anche la stipula di una convenzione siglata tra il Segretario Regionale Usip Claudio De Luca e l\u2019Associazione \u201cAttivamente\u201d per il supporto<br>psicologico e legale, offerto da quest\u2019ultima, alle attivit\u00e0 della Segreteria<br>Provinciale agli individui fragili. Con questo strumento di salute anche<br>preventiva, chi lo vorr\u00e0, potr\u00e0 orientarsi anonimamente verso delle figure<br>dedicate, senza paura di essere demansionato. L\u2019esperta delle statistiche \u00e8<br>certamente il Segretario Nazionale Maira che raccorder\u00e0 il sentimento e le<br>aspettative dei colleghi. A rendere tutto leggibile e traducibile per la platea di Governo sar\u00e0 il Segretario Generale Nazionale Usip, Vittorio Costantini. La moderatrice della tavola rotonda sar\u00e0 la giornalista Marcella Ruggeri. Il numero del personale insufficiente che compie turni extra gi\u00e0 prima dell\u2019emergenza Covid fino al riposo forzato per disturbi soggettivi (che vanno stimati a seconda dell\u2019entit\u00e0 del problema, non con misure<br>standardizzate), con tanto di richiami disciplinari, sono tutte cause di<br>turbamenti della psiche, sotto continue pressioni. Anche la statistica dei<br>comparti pi\u00f9 colpiti sta subendo delle modifiche. Vi rimandiamo alla tavola<br>rotonda per le nuove scoperte ed i dettagli. E\u2019 lapalissiano che l\u2019Usip far\u00e0 tutto ci\u00f2 che \u00e8 in suo potere per fare regredire e<br>cancellare questo fenomeno, chiedendo sostegni adeguati e valenti.<div id=\"div-gpt-ad-Messinaoggi.it-DSK-300x250-corpoart\" style=\"text-align:center;margin:0 auto;\"><\/div><\/p>\n<div id=\"videoincontent\" style=\"clear:both\";><\/div>","protected":false},"excerpt":{"rendered":"<p>Gli ennesimi casi di suicidio tra le forze dell\u2019ordine si sono registrati nel mese in corso. Tali disgrazie sono un ulteriore segnale di panico generalizzato: nella provincia siracusana, dove a met\u00e0 novembre due agenti (uno della Polizia di Stato che si \u00e8 impiccato e l\u2019altro della Polizia Penitenziaria che si \u00e8 sparato) hanno spezzato la [&hellip;]<\/p>\n","protected":false},"author":4,"featured_media":131128,"comment_status":"open","ping_status":"open","sticky":false,"template":"","format":"standard","meta":{"ub_ctt_via":"","_mi_skip_tracking":false},"categories":[5],"tags":[5563,33,4826,5562,3547],"featured_image_src":"https:\/\/www.messinaoggi.it\/website\/wp-content\/uploads\/2022\/11\/polizia.jpg","author_info":{"display_name":"redme","author_link":"https:\/\/www.messinaoggi.it\/website\/author\/redme\/"},"digistream_id":0,"digistream":false,"_links":{"self":[{"href":"https:\/\/www.messinaoggi.it\/website\/wp-json\/wp\/v2\/posts\/131127"}],"collection":[{"href":"https:\/\/www.messinaoggi.it\/website\/wp-json\/wp\/v2\/posts"}],"about":[{"href":"https:\/\/www.messinaoggi.it\/website\/wp-json\/wp\/v2\/types\/post"}],"author":[{"embeddable":true,"href":"https:\/\/www.messinaoggi.it\/website\/wp-json\/wp\/v2\/users\/4"}],"replies":[{"embeddable":true,"href":"https:\/\/www.messinaoggi.it\/website\/wp-json\/wp\/v2\/comments?post=131127"}],"version-history":[{"count":1,"href":"https:\/\/www.messinaoggi.it\/website\/wp-json\/wp\/v2\/posts\/131127\/revisions"}],"predecessor-version":[{"id":131129,"href":"https:\/\/www.messinaoggi.it\/website\/wp-json\/wp\/v2\/posts\/131127\/revisions\/131129"}],"wp:featuredmedia":[{"embeddable":true,"href":"https:\/\/www.messinaoggi.it\/website\/wp-json\/wp\/v2\/media\/131128"}],"wp:attachment":[{"href":"https:\/\/www.messinaoggi.it\/website\/wp-json\/wp\/v2\/media?parent=131127"}],"wp:term":[{"taxonomy":"category","embeddable":true,"href":"https:\/\/www.messinaoggi.it\/website\/wp-json\/wp\/v2\/categories?post=131127"},{"taxonomy":"post_tag","embeddable":true,"href":"https:\/\/www.messinaoggi.it\/website\/wp-json\/wp\/v2\/tags?post=131127"}],"curies":[{"name":"wp","href":"https:\/\/api.w.org\/{rel}","templated":true}]}}