{"id":131115,"date":"2022-11-23T20:07:54","date_gmt":"2022-11-23T19:07:54","guid":{"rendered":"https:\/\/www.messinaoggi.it\/website\/2022\/11\/23\/partenza-sprint-per-le-furie-rosse-spagna-costa-rica-7-0\/"},"modified":"2022-11-24T09:12:37","modified_gmt":"2022-11-24T08:12:37","slug":"partenza-sprint-per-le-furie-rosse-spagna-costa-rica-7-0","status":"publish","type":"post","link":"https:\/\/www.messinaoggi.it\/website\/2022\/11\/23\/partenza-sprint-per-le-furie-rosse-spagna-costa-rica-7-0\/","title":{"rendered":"Partenza sprint per le Furie Rosse, Spagna-Costa Rica 7-0"},"content":{"rendered":"<div>DOHA (QATAR) (ITALPRESS) &#8211; Esordio sprint per la Spagna. La squadra di Luis Enrique ha vinto 7-0 contro la Costa Rica: al festival del gol hanno partecipato Ferran Torres (doppietta), Dani Olmo, Asensio, Gavi, Soler e Morata. Gara a senso unico dominata dagli spagnoli: i costaricensi sono stati praticamente spazzati via dalle &#8220;Furie Rosse&#8221; sin dai primi minuti di gioco. Il Mondiale della selezione iberica inizia dunque con tre punti fondamentali, visto anche il ko della Germania (inserita in questo girone E dei Mondiali): i tedeschi, dopo la sconfitta contro il Giappone, non possono pi\u00f9 sbagliare nel big match che si giocher\u00e0 domenica all&#8217;Al Bayt Stadium di Al Khor. La Costa Rica, invece, si giocher\u00e0 la permanenza nella rassegna iridata contro la nazionale nipponica.<br \/>Il monologo spagnolo \u00e8 stato intenso, asfissiante: la lectio magistralis \u00e8 durata una buona mezz&#8217;ora, col classico possesso palla a sfiancare gli undici scelti da Fernando Suarez. Ad aprire le marcature ci ha pensato Dani Olmo, devastante sulla sinistra, con un aggancio sul filo del fuorigioco e una conclusione facile davanti a un&#8217;incolpevole Keylor Navas.<br \/>Da quel momento in poi gli iberici hanno alzato ancor di pi\u00f9 l&#8217;asticella con un Jordi Alba praticamente immarcabile: prima l&#8217;assist confezionato a Marco Asensio per il 2-0, poi il calcio di rigore procurato (fallo di Oscar Duarte) e trasformato da Ferran Torres. All&#8217;Al Thumama Stadium di Doha gli ol\u00e8 del pubblico sul tiki-taka spagnolo hanno scandito la parte finale del primo tempo in cui Busquets e compagni hanno praticamente dominato il gioco toccando punte del 75% di possesso palla. La reazione della Costa Rica non c&#8217;\u00e8 stata nemmeno nella ripresa, la Spagna invece ha continuato macinare gioco e a far gol: al 9&#8242; della ripresa \u00e8 arrivata la rete di Ferran Torres, un&#8217;azione personale dentro l&#8217;area di rigore avversaria. Per tutto il secondo tempo si \u00e8 giocato praticamente a una met\u00e0 campo, con Gavi e Soler che hanno trovato la gioia personale grazie anche alle disattenzioni della difesa centroamericana. Confermato l&#8217;andamento intrapreso nei primi match in fatto di recupero: negli 8 minuti concessi Morata ha trovato la rete del 7-0 con un mancino chirurgico, dopo uno scambio con Dani Olmo.<br \/>&#8211; foto Image &#8211;<br \/>(ITALPRESS).<\/div>\n<div id=\"div-gpt-ad-Messinaoggi.it-DSK-300x250-corpoart\" style=\"text-align:center;margin:0 auto;\"><\/div><\/p><div id=\"videoincontent\" style=\"clear:both\";><\/div>","protected":false},"excerpt":{"rendered":"<p>DOHA (QATAR) (ITALPRESS) &#8211; Esordio sprint per la Spagna. La squadra di Luis Enrique ha vinto 7-0 contro la Costa Rica: al festival del gol hanno partecipato Ferran Torres (doppietta), Dani Olmo, Asensio, Gavi, Soler e Morata. Gara a senso unico dominata dagli spagnoli: i costaricensi sono stati praticamente spazzati via dalle &#8220;Furie Rosse&#8221; sin [&hellip;]<\/p>\n","protected":false},"author":18,"featured_media":131116,"comment_status":"closed","ping_status":"closed","sticky":false,"template":"","format":"standard","meta":{"ub_ctt_via":"","_mi_skip_tracking":false},"categories":[10,446,9],"tags":[783],"featured_image_src":"https:\/\/www.messinaoggi.it\/website\/wp-content\/uploads\/2022\/11\/20221123_2044.jpg","author_info":{"display_name":"Admin","author_link":"https:\/\/www.messinaoggi.it\/website\/author\/admin\/"},"digistream_id":0,"digistream":false,"_links":{"self":[{"href":"https:\/\/www.messinaoggi.it\/website\/wp-json\/wp\/v2\/posts\/131115"}],"collection":[{"href":"https:\/\/www.messinaoggi.it\/website\/wp-json\/wp\/v2\/posts"}],"about":[{"href":"https:\/\/www.messinaoggi.it\/website\/wp-json\/wp\/v2\/types\/post"}],"author":[{"embeddable":true,"href":"https:\/\/www.messinaoggi.it\/website\/wp-json\/wp\/v2\/users\/18"}],"replies":[{"embeddable":true,"href":"https:\/\/www.messinaoggi.it\/website\/wp-json\/wp\/v2\/comments?post=131115"}],"version-history":[{"count":1,"href":"https:\/\/www.messinaoggi.it\/website\/wp-json\/wp\/v2\/posts\/131115\/revisions"}],"predecessor-version":[{"id":131137,"href":"https:\/\/www.messinaoggi.it\/website\/wp-json\/wp\/v2\/posts\/131115\/revisions\/131137"}],"wp:featuredmedia":[{"embeddable":true,"href":"https:\/\/www.messinaoggi.it\/website\/wp-json\/wp\/v2\/media\/131116"}],"wp:attachment":[{"href":"https:\/\/www.messinaoggi.it\/website\/wp-json\/wp\/v2\/media?parent=131115"}],"wp:term":[{"taxonomy":"category","embeddable":true,"href":"https:\/\/www.messinaoggi.it\/website\/wp-json\/wp\/v2\/categories?post=131115"},{"taxonomy":"post_tag","embeddable":true,"href":"https:\/\/www.messinaoggi.it\/website\/wp-json\/wp\/v2\/tags?post=131115"}],"curies":[{"name":"wp","href":"https:\/\/api.w.org\/{rel}","templated":true}]}}