{"id":131087,"date":"2022-11-23T19:17:03","date_gmt":"2022-11-23T18:17:03","guid":{"rendered":"http:\/\/www.messinaoggi.it\/website\/?p=131087"},"modified":"2022-11-23T19:17:04","modified_gmt":"2022-11-23T18:17:04","slug":"leanza-pd-eletto-vicepresidente-commissione-sanita","status":"publish","type":"post","link":"https:\/\/www.messinaoggi.it\/website\/2022\/11\/23\/leanza-pd-eletto-vicepresidente-commissione-sanita\/","title":{"rendered":"Leanza (PD) eletto Vicepresidente Commissione Sanit\u00e0"},"content":{"rendered":"\n<p>Il parlamentare regionale del Pd, <strong>Calogero Leanza,<\/strong> \u00e8 stato eletto vicepresidente della VI Commissione \u2018Salute, Servizi Sociali e Sanitari\u2019 dell\u2019Ars.<div id=\"div-gpt-ad-Messinaoggi.it-DSK-300x250-corpoart\" style=\"text-align:center;margin:0 auto;\"><\/div><\/p>\n\n\n\n<p>\u201cRingrazio i colleghi parlamentare per la fiducia che hanno riposto in me, all\u2019interno di una delle commissioni pi\u00f9 importanti del Parlamento siciliano. La Sanit\u00e0 in Sicilia \u00e8 un settore estremamente complesso, nel quale bisogna agire con attenzione e grande responsabilit\u00e0 nell\u2019interesse esclusivo del miglioramento dei servizi per la salute e l\u2019assistenza dei siciliani\u201d, commenta a margine dell\u2019elezione il deputato dem.<div id=\"videoincontent\" style=\"clear:both\";><\/div><\/p>\n\n\n\n<p>\u201cCi sono tanti dossier aperti e situazioni che bisogna affrontare. Tra le prime questioni non pi\u00f9 rinviabili \u2013 osserva Calogero Leanza &#8211; e per le quali prendo l\u2019impegno gi\u00e0 da adesso, a cominciare dalla provincia di Messina: il rilancio dell\u2019ospedale \u2018Cutroni Zodda\u2019 di Barcellona; i gravi problemi del nosocomio di Lipari; inoltre, garantire il futuro, evitandone la chiusura, dell\u2019importantissimo \u2018Centro cardiologico pediatrico Mediterraneo\u2019 del \u2018Bambin Ges\u00f9\u2019 dell\u2019ospedale San Vincenzo di Taormina e risolvere la vicenda del medico di base e del pediatra a San Teodoro e Cesar\u00f2\u201d.<\/p>\n","protected":false},"excerpt":{"rendered":"<p>Il parlamentare regionale del Pd, Calogero Leanza, \u00e8 stato eletto vicepresidente della VI Commissione \u2018Salute, Servizi Sociali e Sanitari\u2019 dell\u2019Ars. \u201cRingrazio i colleghi parlamentare per la fiducia che hanno riposto in me, all\u2019interno di una delle commissioni pi\u00f9 importanti del Parlamento siciliano. La Sanit\u00e0 in Sicilia \u00e8 un settore estremamente complesso, nel quale bisogna agire [&hellip;]<\/p>\n","protected":false},"author":123457,"featured_media":129366,"comment_status":"open","ping_status":"open","sticky":false,"template":"","format":"standard","meta":{"ub_ctt_via":"","_mi_skip_tracking":false},"categories":[11],"tags":[601,5341,3300,3586,757,583],"featured_image_src":"https:\/\/www.messinaoggi.it\/website\/wp-content\/uploads\/2022\/11\/Leanza-2-e1668100291288.jpg","author_info":{"display_name":"Michele Bruno","author_link":"https:\/\/www.messinaoggi.it\/website\/author\/michele-bruno\/"},"digistream_id":0,"digistream":false,"_links":{"self":[{"href":"https:\/\/www.messinaoggi.it\/website\/wp-json\/wp\/v2\/posts\/131087"}],"collection":[{"href":"https:\/\/www.messinaoggi.it\/website\/wp-json\/wp\/v2\/posts"}],"about":[{"href":"https:\/\/www.messinaoggi.it\/website\/wp-json\/wp\/v2\/types\/post"}],"author":[{"embeddable":true,"href":"https:\/\/www.messinaoggi.it\/website\/wp-json\/wp\/v2\/users\/123457"}],"replies":[{"embeddable":true,"href":"https:\/\/www.messinaoggi.it\/website\/wp-json\/wp\/v2\/comments?post=131087"}],"version-history":[{"count":1,"href":"https:\/\/www.messinaoggi.it\/website\/wp-json\/wp\/v2\/posts\/131087\/revisions"}],"predecessor-version":[{"id":131088,"href":"https:\/\/www.messinaoggi.it\/website\/wp-json\/wp\/v2\/posts\/131087\/revisions\/131088"}],"wp:featuredmedia":[{"embeddable":true,"href":"https:\/\/www.messinaoggi.it\/website\/wp-json\/wp\/v2\/media\/129366"}],"wp:attachment":[{"href":"https:\/\/www.messinaoggi.it\/website\/wp-json\/wp\/v2\/media?parent=131087"}],"wp:term":[{"taxonomy":"category","embeddable":true,"href":"https:\/\/www.messinaoggi.it\/website\/wp-json\/wp\/v2\/categories?post=131087"},{"taxonomy":"post_tag","embeddable":true,"href":"https:\/\/www.messinaoggi.it\/website\/wp-json\/wp\/v2\/tags?post=131087"}],"curies":[{"name":"wp","href":"https:\/\/api.w.org\/{rel}","templated":true}]}}