{"id":131075,"date":"2022-11-23T18:07:54","date_gmt":"2022-11-23T17:07:54","guid":{"rendered":"https:\/\/www.messinaoggi.it\/website\/2022\/11\/23\/valditara-niente-reddito-di-cittadinanza-a-chi-lascia-la-scuola\/"},"modified":"2022-11-23T18:07:54","modified_gmt":"2022-11-23T17:07:54","slug":"valditara-niente-reddito-di-cittadinanza-a-chi-lascia-la-scuola","status":"publish","type":"post","link":"https:\/\/www.messinaoggi.it\/website\/2022\/11\/23\/valditara-niente-reddito-di-cittadinanza-a-chi-lascia-la-scuola\/","title":{"rendered":"Valditara \u201cNiente Reddito di Cittadinanza a chi lascia la scuola\u201d"},"content":{"rendered":"<div>ROMA (ITALPRESS) &#8211; Nell&#8217;ambito della modifica del reddito di cittadinanza per il 2023 e quindi della riforma nel 2024 annunciate nella legge di bilancio, il ministro dell&#8217;Istruzione e del Merito Giuseppe Valditara ha fatto eseguire una ricerca alle strutture del ministero a proposito dei giovani nella fascia compresa tra i 18 e i 29 anni percettori di reddito. <br \/>La ricerca ha dato un esito che il ministro definisce &#8220;sorprendente e inquietante. In Italia ci sono 364.101 percettori di reddito di cittadinanza nella fascia compresa tra i 18 e i 29 anni. Di essi, abbiamo scoperto che ben 11.290 possiedono soltanto la licenza elementare o addirittura nessun titolo, e altri 128.710 soltanto il titolo di licenza media&#8221;, spiega Valditara. &#8220;Ebbene, noi riteniamo si debba prevedere l&#8217;obbligo di completare il percorso scolastico per chi lo abbia illegalmente interrotto o un percorso di formazione professionale nel caso di persone con titolo di studio superiore ma non occupate n\u00e8 impegnate in aggiornamenti formativi, pena in entrambi i casi la perdita del reddito, o dell&#8217;eventuale misura assistenziale che dal 2024 lo sostituir\u00e0. Questi ragazzi preferiscono percepire il reddito anzich\u00e8 studiare e formarsi per costruire un proprio dignitoso progetto di vita. Il reddito collegato all&#8217;illegalit\u00e0 tollerata del mancato assolvimento dell&#8217;obbligo scolastico &#8211; prosegue il ministro &#8211; \u00e8 inaccettabile moralmente: significherebbe legittimare e addirittura premiare una violazione di legge&#8221;.<br \/>(ITALPRESS).<br \/>-foto Italpress-<\/div>\n<div id=\"div-gpt-ad-Messinaoggi.it-DSK-300x250-corpoart\" style=\"text-align:center;margin:0 auto;\"><\/div><\/p><div id=\"videoincontent\" style=\"clear:both\";><\/div>","protected":false},"excerpt":{"rendered":"<p>ROMA (ITALPRESS) &#8211; Nell&#8217;ambito della modifica del reddito di cittadinanza per il 2023 e quindi della riforma nel 2024 annunciate nella legge di bilancio, il ministro dell&#8217;Istruzione e del Merito Giuseppe Valditara ha fatto eseguire una ricerca alle strutture del ministero a proposito dei giovani nella fascia compresa tra i 18 e i 29 anni [&hellip;]<\/p>\n","protected":false},"author":18,"featured_media":131076,"comment_status":"closed","ping_status":"closed","sticky":false,"template":"","format":"standard","meta":{"ub_ctt_via":"","_mi_skip_tracking":false},"categories":[446],"tags":[783],"featured_image_src":"https:\/\/www.messinaoggi.it\/website\/wp-content\/uploads\/2022\/11\/20221123_1709.jpg","author_info":{"display_name":"Admin","author_link":"https:\/\/www.messinaoggi.it\/website\/author\/admin\/"},"digistream_id":0,"digistream":false,"_links":{"self":[{"href":"https:\/\/www.messinaoggi.it\/website\/wp-json\/wp\/v2\/posts\/131075"}],"collection":[{"href":"https:\/\/www.messinaoggi.it\/website\/wp-json\/wp\/v2\/posts"}],"about":[{"href":"https:\/\/www.messinaoggi.it\/website\/wp-json\/wp\/v2\/types\/post"}],"author":[{"embeddable":true,"href":"https:\/\/www.messinaoggi.it\/website\/wp-json\/wp\/v2\/users\/18"}],"replies":[{"embeddable":true,"href":"https:\/\/www.messinaoggi.it\/website\/wp-json\/wp\/v2\/comments?post=131075"}],"version-history":[{"count":0,"href":"https:\/\/www.messinaoggi.it\/website\/wp-json\/wp\/v2\/posts\/131075\/revisions"}],"wp:featuredmedia":[{"embeddable":true,"href":"https:\/\/www.messinaoggi.it\/website\/wp-json\/wp\/v2\/media\/131076"}],"wp:attachment":[{"href":"https:\/\/www.messinaoggi.it\/website\/wp-json\/wp\/v2\/media?parent=131075"}],"wp:term":[{"taxonomy":"category","embeddable":true,"href":"https:\/\/www.messinaoggi.it\/website\/wp-json\/wp\/v2\/categories?post=131075"},{"taxonomy":"post_tag","embeddable":true,"href":"https:\/\/www.messinaoggi.it\/website\/wp-json\/wp\/v2\/tags?post=131075"}],"curies":[{"name":"wp","href":"https:\/\/api.w.org\/{rel}","templated":true}]}}