{"id":13107,"date":"2017-12-15T15:44:27","date_gmt":"2017-12-15T14:44:27","guid":{"rendered":"http:\/\/www.messinaoggi.it\/website\/?p=13107"},"modified":"2017-12-15T15:44:27","modified_gmt":"2017-12-15T14:44:27","slug":"vento-dello-stretto-a-musumeci-ecco-le-idee-per-non-far-scappare-piu-i-giovani","status":"publish","type":"post","link":"https:\/\/www.messinaoggi.it\/website\/2017\/12\/15\/vento-dello-stretto-a-musumeci-ecco-le-idee-per-non-far-scappare-piu-i-giovani\/","title":{"rendered":"Vento dello Stretto a Musumeci: &quot;Ecco le idee per non far scappare pi\u00f9 i giovani&quot;"},"content":{"rendered":"<p style=\"text-align: justify;\">Si chiama manifesto della giovent\u00f9 siciliana, si tratta di un documento consegnato al Governatore, Nello Musumeci, dai ragazzi di Vento dello Stretto, movimento politico da sempre vicino a #diventer\u00e0bellissima. Istruzione e lavoro, ecco i due punti da cui \u00e8 necessario ripartire per fermare l\u2019emorragia di giovani che sconsolati impugnano trolley e valigie per cercare un futuro migliore altrove. Vento dello Stretto punta ad essere la voce di chi non si arrende, di chi pensa ancora che questa terra abbia un futuro e con essa anche chi vi abita.<div id=\"div-gpt-ad-Messinaoggi.it-DSK-300x250-corpoart\" style=\"text-align:center;margin:0 auto;\"><\/div><\/p>\n<p style=\"text-align: justify;\">I dati evidenziati nel documento sono per\u00f2 tanto scoraggianti quanto preoccupanti, secondo l\u2019Eurostat la Sicilia \u00e8 al top tra le prime 200 regioni europee, per i giovani tra i 18 ed i 24 anni che non studiano e non cercano lavoro, i cos\u00ec detti \u00a0neet. Il primo passo dev\u2019essere dunque investire nella formazione siciliana, senza cadere negli errori del passato che troppo spesso hanno portato ad un \u201cdilagante assistenzialismo siciliano che si \u00e8 venuto a creare negli anni\u201d, cos\u00ec come recita il documento.<div id=\"videoincontent\" style=\"clear:both\";><\/div><\/p>\n<p style=\"text-align: justify;\"><em>\u201cChiediamo \u2013 commenta Daniele Travisano, oggi in conferenza stampa nella sala commissioni di Palazzo Zanca \u2013 che succursali dei corsi di studio possano aprire nei centri pi\u00f9 popolosi, ma questo sistema non pu\u00f2 fare a meno di un sistema di trasporti finalmente efficiente, che consenta ai giovani di poter raggiungere agevolmente tutti i luoghi. Gli Atenei devono diventare luogo d\u2019istruzione ma anche di formazione, ci dev\u2019essere un vero e proprio arcipelago di Start Up, imprese giovanili e incubatori d\u2019imprese. Chiediamo, inoltre, una legge regionale che obblighi gli enti pubblici a servirsi di call center situati nel territorio regionale. Il settore da cui ripartire \u00e8 anche il quello turistico, i 111 siti siciliani incassano solo il 10% degli introiti totali e attraggono solo il 9,2% dei visitatori\u201d<\/em>.<\/p>\n<p style=\"text-align: justify;\">Presenti anche i componenti del movimento, Liana Cannata, Piero Gatto e Felice Panebianco. Musumeci non ha nascosto la preoccupazione per le condizioni economiche in cui versa l\u2019Ente, ma il consigliere comunale, Piero Adamo mostra fiducia: <em>\u201cLo si sapeva, purtroppo questo \u00e8 il frutto del Governo crocetta, abbiamo avuto un Governatore che ha fatto accordi economici non per gli interessi della Regione ma per tutelare i propri rapporti con Renzi all\u2019interno del Pd\u201d.<\/em><\/p>\n<p style=\"text-align: justify;\">Adamo aggiunge: <em>\u201cIo credo che per\u00f2 siamo sulla strada giusta, Musumeci \u00e8 intervenuto con un finanziamento ad hoc in favore dei Comuni, ma anche nel settore dei rifiuti affinch\u00e8 si evitino delle nuove emergenze. La logica con cui sono stati scelti i componenti della Giunta la condivido, Musumeci ha chiesto ai partiti della coalizione una lista di nomi e poi ha sciolto le riserve, ha messo molte persone di cui si fida nei punti giusti, dando cos\u00ec vita ad un Governo di qualit\u00e0\u201d.<\/em><\/p>\n","protected":false},"excerpt":{"rendered":"<p>Si chiama manifesto della giovent\u00f9 siciliana, si tratta di un documento consegnato al Governatore, Nello Musumeci, dai ragazzi di Vento dello Stretto, movimento politico da sempre vicino a #diventer\u00e0bellissima. Istruzione e lavoro, ecco i due punti da cui \u00e8 necessario ripartire per fermare l\u2019emorragia di giovani che sconsolati impugnano trolley e valigie per cercare un [&hellip;]<\/p>\n","protected":false},"author":2,"featured_media":13093,"comment_status":"closed","ping_status":"open","sticky":false,"template":"","format":"standard","meta":{"ub_ctt_via":"","_mi_skip_tracking":false},"categories":[6],"tags":[],"featured_image_src":"https:\/\/www.messinaoggi.it\/website\/wp-content\/uploads\/2017\/12\/diventera-bellissima-con-vento-dello-stretto-RRP_6956.jpg","author_info":{"display_name":"Redazione","author_link":"https:\/\/www.messinaoggi.it\/website\/author\/redazione\/"},"digistream_id":0,"digistream":false,"_links":{"self":[{"href":"https:\/\/www.messinaoggi.it\/website\/wp-json\/wp\/v2\/posts\/13107"}],"collection":[{"href":"https:\/\/www.messinaoggi.it\/website\/wp-json\/wp\/v2\/posts"}],"about":[{"href":"https:\/\/www.messinaoggi.it\/website\/wp-json\/wp\/v2\/types\/post"}],"author":[{"embeddable":true,"href":"https:\/\/www.messinaoggi.it\/website\/wp-json\/wp\/v2\/users\/2"}],"replies":[{"embeddable":true,"href":"https:\/\/www.messinaoggi.it\/website\/wp-json\/wp\/v2\/comments?post=13107"}],"version-history":[{"count":0,"href":"https:\/\/www.messinaoggi.it\/website\/wp-json\/wp\/v2\/posts\/13107\/revisions"}],"wp:featuredmedia":[{"embeddable":true,"href":"https:\/\/www.messinaoggi.it\/website\/wp-json\/wp\/v2\/media\/13093"}],"wp:attachment":[{"href":"https:\/\/www.messinaoggi.it\/website\/wp-json\/wp\/v2\/media?parent=13107"}],"wp:term":[{"taxonomy":"category","embeddable":true,"href":"https:\/\/www.messinaoggi.it\/website\/wp-json\/wp\/v2\/categories?post=13107"},{"taxonomy":"post_tag","embeddable":true,"href":"https:\/\/www.messinaoggi.it\/website\/wp-json\/wp\/v2\/tags?post=13107"}],"curies":[{"name":"wp","href":"https:\/\/api.w.org\/{rel}","templated":true}]}}